{"id":11621,"date":"2025-02-24T06:36:06","date_gmt":"2025-02-24T06:36:06","guid":{"rendered":"https:\/\/haberbesiktas.tr\/?p=11621"},"modified":"2025-02-24T06:36:06","modified_gmt":"2025-02-24T06:36:06","slug":"muhammed-gumuskaya-gaziantep-fkde","status":"publish","type":"post","link":"https:\/\/haberbesiktas.tr\/?p=11621","title":{"rendered":"Muhammed G\u00fcm\u00fc\u015fkaya, Gaziantep FK&#8217;de"},"content":{"rendered":"<div>Trendyol S\u00fcper Lig gruplar\u0131ndan Gaziantep FK, Bel\u00e7ika tak\u0131mlar\u0131ndan Westerlo formas\u0131 giyen orta saha oyuncusu Muhammed G\u00fcm\u00fc\u015fkaya&#8217;y\u0131 d\u00f6nem sonuna kadar kiral\u0131k olarak tak\u0131m\u0131na katt\u0131.<\/p>\n<p> Kul\u00fcpten yap\u0131lan a\u00e7\u0131klamaya nazaran, Bel\u00e7ika tak\u0131m\u0131 Westerlo formas\u0131 giyen 24 ya\u015f\u0131ndaki gen\u00e7 orta saha oyuncusu Muhammed G\u00fcm\u00fc\u015fkaya&#8217;n\u0131n d\u00f6nem sonuna kadar sat\u0131n alma opsiyonlu olarak kiraland\u0131\u011f\u0131 belirtilerek, <strong>&#8220;Yeni transferimiz Muhammed G\u00fcm\u00fc\u015fkaya, Kul\u00fcp Ba\u015fkan\u0131 Memik Y\u0131lmaz, Ba\u015fkan Yard\u0131mc\u0131s\u0131 U\u011fur \u015eireci ve Futbol \u015eube Sorumlusu Mustafa Kara&#8217;n\u0131n da kat\u0131ld\u0131\u011f\u0131 imza merasimiyle resmi kontrata imza att\u0131. Muhammed G\u00fcm\u00fc\u015fkaya&#8217;ya kul\u00fcb\u00fcm\u00fcze g\u00fczel geldin diyor, armam\u0131z alt\u0131nda \u00fcst\u00fcn muvaffakiyetler diliyoruz.&#8221;<\/strong> s\u00f6zlerine yer verildi.<\/p>\n<\/div>\n","protected":false},"excerpt":{"rendered":"<p>Gaziantep FK, Bel\u00e7ika tak\u0131mlar\u0131ndan Westerlo formas\u0131 giyen orta saha oyuncusu Muhammed G\u00fcm\u00fc\u015fkaya&#8217;y\u0131 d\u00f6nem sonuna kadar kiral\u0131k olarak tak\u0131m\u0131na katt\u0131.<\/p>\n","protected":false},"author":1,"featured_media":11622,"comment_status":"open","ping_status":"open","sticky":false,"template":"","format":"standard","meta":{"footnotes":""},"categories":[25],"tags":[],"class_list":["post-11621","post","type-post","status-publish","format-standard","has-post-thumbnail","hentry","category-futbol"],"_links":{"self":[{"href":"https:\/\/haberbesiktas.tr\/index.php?rest_route=\/wp\/v2\/posts\/11621","targetHints":{"allow":["GET"]}}],"collection":[{"href":"https:\/\/haberbesiktas.tr\/index.php?rest_route=\/wp\/v2\/posts"}],"about":[{"href":"https:\/\/haberbesiktas.tr\/index.php?rest_route=\/wp\/v2\/types\/post"}],"author":[{"embeddable":true,"href":"https:\/\/haberbesiktas.tr\/index.php?rest_route=\/wp\/v2\/users\/1"}],"replies":[{"embeddable":true,"href":"https:\/\/haberbesiktas.tr\/index.php?rest_route=%2Fwp%2Fv2%2Fcomments&post=11621"}],"version-history":[{"count":1,"href":"https:\/\/haberbesiktas.tr\/index.php?rest_route=\/wp\/v2\/posts\/11621\/revisions"}],"predecessor-version":[{"id":11623,"href":"https:\/\/haberbesiktas.tr\/index.php?rest_route=\/wp\/v2\/posts\/11621\/revisions\/11623"}],"wp:featuredmedia":[{"embeddable":true,"href":"https:\/\/haberbesiktas.tr\/index.php?rest_route=\/wp\/v2\/media\/11622"}],"wp:attachment":[{"href":"https:\/\/haberbesiktas.tr\/index.php?rest_route=%2Fwp%2Fv2%2Fmedia&parent=11621"}],"wp:term":[{"taxonomy":"category","embeddable":true,"href":"https:\/\/haberbesiktas.tr\/index.php?rest_route=%2Fwp%2Fv2%2Fcategories&post=11621"},{"taxonomy":"post_tag","embeddable":true,"href":"https:\/\/haberbesiktas.tr\/index.php?rest_route=%2Fwp%2Fv2%2Ftags&post=11621"}],"curies":[{"name":"wp","href":"https:\/\/api.w.org\/{rel}","templated":true}]}}