{"id":11624,"date":"2025-02-24T06:48:05","date_gmt":"2025-02-24T06:48:05","guid":{"rendered":"https:\/\/haberbesiktas.tr\/?p=11624"},"modified":"2025-02-24T06:48:05","modified_gmt":"2025-02-24T06:48:05","slug":"ispanyada-gundem-yabanci-hakem","status":"publish","type":"post","link":"https:\/\/haberbesiktas.tr\/?p=11624","title":{"rendered":"\u0130spanya&#8217;da g\u00fcndem yabanc\u0131 hakem!"},"content":{"rendered":"<div>\u0130spanya Futbol Federasyonu Ba\u015fkan\u0131 Rafael Louzan&#8217;dan, Real Madrid Lideri Florentino Perez ile ilgili dikkat \u00e7eken bir a\u00e7\u0131klama geldi.<\/p>\n<p> Louzan, Perez&#8217;in hakemlerden \u015fad olmad\u0131\u011f\u0131n\u0131 ve La Liga&#8217;ya \u0130ngiliz hakemlerini getirmek istedi\u011fini s\u00f6yledi.<\/p>\n<p> Rafael Louzan, yapt\u0131\u011f\u0131 a\u00e7\u0131klamada,<strong> &#8220;Florentino Perez, hakemler konusunda memnuniyetsizli\u011fini net bir lisanla tabir ediyor. Bana, &#8220;Bize ziyan veren bu hakem problemini \u00e7\u00f6zmek zorundas\u0131n\u0131z. Hakemler y\u00fcz\u00fcnden bir\u00e7ok \u015fampiyonluk kaybettik.&#8221; dedi.&#8221;<\/strong> kelamlar\u0131n\u0131 sarf etti.<\/p>\n<p> Perez&#8217;in La Liga i\u00e7in \u0130ngiliz hakem kan\u0131s\u0131nda oldu\u011funu s\u00f6yleyen Louzan, &#8220;<strong>Bana bir g\u00fcn La Liga&#8217;ya \u0130ngiliz hakemlerini getirmek istedi\u011fini s\u00f6yledi.&#8221;<\/strong> dedi.<\/p>\n<\/div>\n","protected":false},"excerpt":{"rendered":"<p>Real Madrid Ba\u015fkan\u0131 Florentino Perez, La Liga&#8217;ya \u0130ngiliz hakemlerini getirmek istiyor. Hususla ilgili \u0130spanya Futbol Federasyonu Ba\u015fkan\u0131 Rafael Louzan&#8217;dan a\u00e7\u0131klama geldi.<\/p>\n","protected":false},"author":1,"featured_media":11625,"comment_status":"open","ping_status":"open","sticky":false,"template":"","format":"standard","meta":{"footnotes":""},"categories":[25],"tags":[1234],"class_list":["post-11624","post","type-post","status-publish","format-standard","has-post-thumbnail","hentry","category-futbol","tag-hakemler"],"_links":{"self":[{"href":"https:\/\/haberbesiktas.tr\/index.php?rest_route=\/wp\/v2\/posts\/11624","targetHints":{"allow":["GET"]}}],"collection":[{"href":"https:\/\/haberbesiktas.tr\/index.php?rest_route=\/wp\/v2\/posts"}],"about":[{"href":"https:\/\/haberbesiktas.tr\/index.php?rest_route=\/wp\/v2\/types\/post"}],"author":[{"embeddable":true,"href":"https:\/\/haberbesiktas.tr\/index.php?rest_route=\/wp\/v2\/users\/1"}],"replies":[{"embeddable":true,"href":"https:\/\/haberbesiktas.tr\/index.php?rest_route=%2Fwp%2Fv2%2Fcomments&post=11624"}],"version-history":[{"count":1,"href":"https:\/\/haberbesiktas.tr\/index.php?rest_route=\/wp\/v2\/posts\/11624\/revisions"}],"predecessor-version":[{"id":11626,"href":"https:\/\/haberbesiktas.tr\/index.php?rest_route=\/wp\/v2\/posts\/11624\/revisions\/11626"}],"wp:featuredmedia":[{"embeddable":true,"href":"https:\/\/haberbesiktas.tr\/index.php?rest_route=\/wp\/v2\/media\/11625"}],"wp:attachment":[{"href":"https:\/\/haberbesiktas.tr\/index.php?rest_route=%2Fwp%2Fv2%2Fmedia&parent=11624"}],"wp:term":[{"taxonomy":"category","embeddable":true,"href":"https:\/\/haberbesiktas.tr\/index.php?rest_route=%2Fwp%2Fv2%2Fcategories&post=11624"},{"taxonomy":"post_tag","embeddable":true,"href":"https:\/\/haberbesiktas.tr\/index.php?rest_route=%2Fwp%2Fv2%2Ftags&post=11624"}],"curies":[{"name":"wp","href":"https:\/\/api.w.org\/{rel}","templated":true}]}}