{"id":11627,"date":"2025-02-24T07:12:05","date_gmt":"2025-02-24T07:12:05","guid":{"rendered":"https:\/\/haberbesiktas.tr\/?p=11627"},"modified":"2025-02-24T07:12:05","modified_gmt":"2025-02-24T07:12:05","slug":"nicola-zalewskiye-yeni-talip-inter","status":"publish","type":"post","link":"https:\/\/haberbesiktas.tr\/?p=11627","title":{"rendered":"Nicola Zalewski&#8217;ye yeni talip; Inter"},"content":{"rendered":"<div>\u0130smi bir devir Galatasaray, Fenerbah\u00e7e ve Be\u015fikta\u015f ile an\u0131lan Nicola Zalewski&#8217;ye s\u00fcrpriz bir talip \u00e7\u0131kt\u0131.<\/p>\n<p>Fabrizio Romano&#8217;nun haberine nazaran;\u00a0Inter, Roma&#8217;dan Nicola Zalewksi&#8217;yi sat\u0131n alma opsiyonuyla d\u00f6nem sonuna kadar kiralamak istiyor.<\/p>\n<p>Habere nazaran; o<span>psiyonun 6-7 milyon euro civar\u0131nda olmas\u0131 bekleniyor. Son karar\u0131 Roma verecek.\u00a0<span>Zalewski ile Marsilya ortas\u0131ndaki g\u00f6r\u00fc\u015fmeler ise ilerleme kaydedemeden kesildi.<\/p>\n<p><\/span>23 ya\u015f\u0131ndaki Polonyal\u0131 kanat oyuncusu, bu d\u00f6nem Roma formas\u0131yla \u00e7\u0131kt\u0131\u011f\u0131 17 ma\u00e7ta 2 asist yapt\u0131.<\/span><\/div>\n","protected":false},"excerpt":{"rendered":"<p>Inter, Roma&#8217;dan Nicola Zalewksi&#8217;yi sat\u0131n alma opsiyonuyla d\u00f6nem sonuna kadar kiralamak istiyor.<\/p>\n","protected":false},"author":1,"featured_media":11628,"comment_status":"open","ping_status":"open","sticky":false,"template":"","format":"standard","meta":{"footnotes":""},"categories":[25],"tags":[],"class_list":["post-11627","post","type-post","status-publish","format-standard","has-post-thumbnail","hentry","category-futbol"],"_links":{"self":[{"href":"https:\/\/haberbesiktas.tr\/index.php?rest_route=\/wp\/v2\/posts\/11627","targetHints":{"allow":["GET"]}}],"collection":[{"href":"https:\/\/haberbesiktas.tr\/index.php?rest_route=\/wp\/v2\/posts"}],"about":[{"href":"https:\/\/haberbesiktas.tr\/index.php?rest_route=\/wp\/v2\/types\/post"}],"author":[{"embeddable":true,"href":"https:\/\/haberbesiktas.tr\/index.php?rest_route=\/wp\/v2\/users\/1"}],"replies":[{"embeddable":true,"href":"https:\/\/haberbesiktas.tr\/index.php?rest_route=%2Fwp%2Fv2%2Fcomments&post=11627"}],"version-history":[{"count":1,"href":"https:\/\/haberbesiktas.tr\/index.php?rest_route=\/wp\/v2\/posts\/11627\/revisions"}],"predecessor-version":[{"id":11629,"href":"https:\/\/haberbesiktas.tr\/index.php?rest_route=\/wp\/v2\/posts\/11627\/revisions\/11629"}],"wp:featuredmedia":[{"embeddable":true,"href":"https:\/\/haberbesiktas.tr\/index.php?rest_route=\/wp\/v2\/media\/11628"}],"wp:attachment":[{"href":"https:\/\/haberbesiktas.tr\/index.php?rest_route=%2Fwp%2Fv2%2Fmedia&parent=11627"}],"wp:term":[{"taxonomy":"category","embeddable":true,"href":"https:\/\/haberbesiktas.tr\/index.php?rest_route=%2Fwp%2Fv2%2Fcategories&post=11627"},{"taxonomy":"post_tag","embeddable":true,"href":"https:\/\/haberbesiktas.tr\/index.php?rest_route=%2Fwp%2Fv2%2Ftags&post=11627"}],"curies":[{"name":"wp","href":"https:\/\/api.w.org\/{rel}","templated":true}]}}