{"id":11630,"date":"2025-02-24T07:36:06","date_gmt":"2025-02-24T07:36:06","guid":{"rendered":"https:\/\/haberbesiktas.tr\/?p=11630"},"modified":"2025-02-24T07:36:06","modified_gmt":"2025-02-24T07:36:06","slug":"eyuspordan-surpriz-transfer-stapanenko","status":"publish","type":"post","link":"https:\/\/haberbesiktas.tr\/?p=11630","title":{"rendered":"Ey\u00fcspor&#8217;dan s\u00fcrpriz transfer: Stapanenko"},"content":{"rendered":"<div>S\u00fcper Lig gruplar\u0131ndan Ey\u00fcpspor, devre ortas\u0131 transfer periyodunda \u00e7al\u0131\u015fmalar\u0131na devam ediyor. Eflatun-sar\u0131l\u0131 grup, Ukrayna grubu Shakhtar Donetsk&#8217;in kadro kaptan\u0131, orta saha oyuncusu Taras Stepanenko&#8217;yu tak\u0131m\u0131na katt\u0131. <\/p>\n<p>35 ya\u015f\u0131ndaki deneyimli futbolcu, 2010-11 d\u00f6neminden beri Ukrayna grubunun formas\u0131n\u0131 terletiyor. Deneyimli orta saha oyuncusu, Borussia Dortmund ile oynanacak \u015eampiyonlar Ligi ma\u00e7\u0131nda Ukrayna tak\u0131m\u0131n\u0131n formas\u0131n\u0131 son kere terletecek. 1,5 y\u0131ll\u0131k mutabakata var\u0131lan Stepanenko, per\u015fembe g\u00fcn\u00fc kontrat imzalamak i\u00e7in \u0130stanbul&#8217;a gelecek.<\/p>\n<p> \u00d6te yandan \u0130stanbul tak\u0131m\u0131, bu transfer i\u00e7in bonservis bedeli \u00f6demeyecek.<\/p>\n<\/div>\n","protected":false},"excerpt":{"rendered":"<p>Ey\u00fcpspor, Shakhtar Donetsk&#8217;in kaptan\u0131 Taras Stepanenko ile 1,5 y\u0131ll\u0131k mutabakata vard\u0131.<\/p>\n","protected":false},"author":1,"featured_media":11631,"comment_status":"open","ping_status":"open","sticky":false,"template":"","format":"standard","meta":{"footnotes":""},"categories":[25],"tags":[],"class_list":["post-11630","post","type-post","status-publish","format-standard","has-post-thumbnail","hentry","category-futbol"],"_links":{"self":[{"href":"https:\/\/haberbesiktas.tr\/index.php?rest_route=\/wp\/v2\/posts\/11630","targetHints":{"allow":["GET"]}}],"collection":[{"href":"https:\/\/haberbesiktas.tr\/index.php?rest_route=\/wp\/v2\/posts"}],"about":[{"href":"https:\/\/haberbesiktas.tr\/index.php?rest_route=\/wp\/v2\/types\/post"}],"author":[{"embeddable":true,"href":"https:\/\/haberbesiktas.tr\/index.php?rest_route=\/wp\/v2\/users\/1"}],"replies":[{"embeddable":true,"href":"https:\/\/haberbesiktas.tr\/index.php?rest_route=%2Fwp%2Fv2%2Fcomments&post=11630"}],"version-history":[{"count":1,"href":"https:\/\/haberbesiktas.tr\/index.php?rest_route=\/wp\/v2\/posts\/11630\/revisions"}],"predecessor-version":[{"id":11632,"href":"https:\/\/haberbesiktas.tr\/index.php?rest_route=\/wp\/v2\/posts\/11630\/revisions\/11632"}],"wp:featuredmedia":[{"embeddable":true,"href":"https:\/\/haberbesiktas.tr\/index.php?rest_route=\/wp\/v2\/media\/11631"}],"wp:attachment":[{"href":"https:\/\/haberbesiktas.tr\/index.php?rest_route=%2Fwp%2Fv2%2Fmedia&parent=11630"}],"wp:term":[{"taxonomy":"category","embeddable":true,"href":"https:\/\/haberbesiktas.tr\/index.php?rest_route=%2Fwp%2Fv2%2Fcategories&post=11630"},{"taxonomy":"post_tag","embeddable":true,"href":"https:\/\/haberbesiktas.tr\/index.php?rest_route=%2Fwp%2Fv2%2Ftags&post=11630"}],"curies":[{"name":"wp","href":"https:\/\/api.w.org\/{rel}","templated":true}]}}