{"id":11633,"date":"2025-02-24T07:48:05","date_gmt":"2025-02-24T07:48:05","guid":{"rendered":"https:\/\/haberbesiktas.tr\/?p=11633"},"modified":"2025-02-24T07:48:05","modified_gmt":"2025-02-24T07:48:05","slug":"bayer-leverkusende-imza-icin-geri-sayim","status":"publish","type":"post","link":"https:\/\/haberbesiktas.tr\/?p=11633","title":{"rendered":"Bayer Leverkusen&#8217;de imza i\u00e7in geri say\u0131m!"},"content":{"rendered":"<div>Bayer Leverkusen, orta transfer periyodunda savunmas\u0131n\u0131 Roma&#8217;dan Mario Hermoso ile g\u00fc\u00e7lendirmeye haz\u0131rlan\u0131yor.<\/p>\n<p> Alman grubu, Hermoso&#8217;nun d\u00f6nem sonuna kadar kiralanmas\u0131 i\u00e7in Roma ile muahede sa\u011flad\u0131. Hermoso i\u00e7in yap\u0131lan muahedede sat\u0131n alma opsiyonu yer alm\u0131yor.<\/p>\n<p> K\u0131sa m\u00fchlet i\u00e7erisinde Almanya&#8217;ya gidecek Hermoso, per\u015fembe g\u00fcn\u00fc Bayer Leverkusen i\u00e7in s\u0131hhat denetimlerinden ge\u00e7ecek ve p\u00fcr\u00fcz \u00e7\u0131kmamas\u0131 durumunda Alman tak\u0131m\u0131na d\u00f6nem sonuna kadar imza atacak.<\/p>\n<p> Roma&#8217;da bu d\u00f6nem 13 ma\u00e7ta m\u00fchlet bulan \u0130spanyol savunma oyuncusu, 1 asist yapt\u0131.<\/p>\n<p> \u00a0<\/p>\n<\/div>\n","protected":false},"excerpt":{"rendered":"<p>Bayer Leverkusen, Roma ile Mario Hermoso&#8217;nun d\u00f6nem sonuna kadar kiralanmas\u0131 i\u00e7in mutabakat sa\u011flad\u0131. Hermoso, per\u015fembe g\u00fcn\u00fc Bayer Leverkusen i\u00e7in s\u0131hhat denetiminden ge\u00e7ecek.<\/p>\n","protected":false},"author":1,"featured_media":11634,"comment_status":"open","ping_status":"open","sticky":false,"template":"","format":"standard","meta":{"footnotes":""},"categories":[25],"tags":[],"class_list":["post-11633","post","type-post","status-publish","format-standard","has-post-thumbnail","hentry","category-futbol"],"_links":{"self":[{"href":"https:\/\/haberbesiktas.tr\/index.php?rest_route=\/wp\/v2\/posts\/11633","targetHints":{"allow":["GET"]}}],"collection":[{"href":"https:\/\/haberbesiktas.tr\/index.php?rest_route=\/wp\/v2\/posts"}],"about":[{"href":"https:\/\/haberbesiktas.tr\/index.php?rest_route=\/wp\/v2\/types\/post"}],"author":[{"embeddable":true,"href":"https:\/\/haberbesiktas.tr\/index.php?rest_route=\/wp\/v2\/users\/1"}],"replies":[{"embeddable":true,"href":"https:\/\/haberbesiktas.tr\/index.php?rest_route=%2Fwp%2Fv2%2Fcomments&post=11633"}],"version-history":[{"count":1,"href":"https:\/\/haberbesiktas.tr\/index.php?rest_route=\/wp\/v2\/posts\/11633\/revisions"}],"predecessor-version":[{"id":11635,"href":"https:\/\/haberbesiktas.tr\/index.php?rest_route=\/wp\/v2\/posts\/11633\/revisions\/11635"}],"wp:featuredmedia":[{"embeddable":true,"href":"https:\/\/haberbesiktas.tr\/index.php?rest_route=\/wp\/v2\/media\/11634"}],"wp:attachment":[{"href":"https:\/\/haberbesiktas.tr\/index.php?rest_route=%2Fwp%2Fv2%2Fmedia&parent=11633"}],"wp:term":[{"taxonomy":"category","embeddable":true,"href":"https:\/\/haberbesiktas.tr\/index.php?rest_route=%2Fwp%2Fv2%2Fcategories&post=11633"},{"taxonomy":"post_tag","embeddable":true,"href":"https:\/\/haberbesiktas.tr\/index.php?rest_route=%2Fwp%2Fv2%2Ftags&post=11633"}],"curies":[{"name":"wp","href":"https:\/\/api.w.org\/{rel}","templated":true}]}}