{"id":11687,"date":"2025-02-24T11:48:05","date_gmt":"2025-02-24T11:48:05","guid":{"rendered":"https:\/\/haberbesiktas.tr\/?p=11687"},"modified":"2025-02-24T11:48:05","modified_gmt":"2025-02-24T11:48:05","slug":"rennesden-alexander-djiku-icin-hamle","status":"publish","type":"post","link":"https:\/\/haberbesiktas.tr\/?p=11687","title":{"rendered":"Rennes&#8217;den Alexander Djiku i\u00e7in hamle"},"content":{"rendered":"<div>Transfer \u00e7al\u0131\u015fmalar\u0131n\u0131 s\u00fcrd\u00fcren Fenerbah\u00e7e&#8217;de s\u00fcrpriz bir ayr\u0131l\u0131k ya\u015fanabilir.<\/p>\n<p><strong>RENNES, DJIKU&#8217;YU \u0130ST\u0130YOR<\/strong><\/p>\n<p>Frans\u0131z bas\u0131n\u0131ndan Foot Mercato&#8217;nun haberine nazaran;\u00a0<span>Rennes, Alexander Djiku ile ilgileniyor. Transfer periyodunun sonuna kadar bir teklif yap\u0131labilir.<\/span><\/p>\n<p>Habere nazaran;\u00a0<span><span>tecr\u00fcbeli bir oyuncu aray\u0131\u015f\u0131nda olan Rennes, Fenerbah\u00e7e&#8217;nin savunma oyuncusunu tak\u0131m\u0131na katmak istiyor.<\/p>\n<p><strong>FENERBAH\u00c7E SATI\u015eA A\u00c7IK<\/strong><\/p>\n<p>\u00d6te yandan haberde; Fenerbah\u00e7e&#8217;nin Alexander Djiku i\u00e7in gelecek teklifleri dinlemeye a\u00e7\u0131k oldu\u011fu ve uygun bir teklif gelmesi halinde oyuncunun sat\u0131\u015f\u0131na m\u00fcsaade verilebilece\u011fi tabir edildi.<\/p>\n<p>30 ya\u015f\u0131ndaki Ganal\u0131 stoper, bu d\u00f6nem Fenerbah\u00e7e formas\u0131yla 25 resmi ma\u00e7ta forma giydi.<\/p>\n<p><\/span><\/span> <\/p>\n<div>\u00a0<\/div>\n<\/div>\n","protected":false},"excerpt":{"rendered":"<p>Fransa Ligue 1 gruplar\u0131ndan Rennes, Fenerbah\u00e7e&#8217;nin Ganal\u0131 stoperi Alexander Djiku ile ilgileniyor.<\/p>\n","protected":false},"author":1,"featured_media":11688,"comment_status":"open","ping_status":"open","sticky":false,"template":"","format":"standard","meta":{"footnotes":""},"categories":[25],"tags":[115],"class_list":["post-11687","post","type-post","status-publish","format-standard","has-post-thumbnail","hentry","category-futbol","tag-fenerbahce"],"_links":{"self":[{"href":"https:\/\/haberbesiktas.tr\/index.php?rest_route=\/wp\/v2\/posts\/11687","targetHints":{"allow":["GET"]}}],"collection":[{"href":"https:\/\/haberbesiktas.tr\/index.php?rest_route=\/wp\/v2\/posts"}],"about":[{"href":"https:\/\/haberbesiktas.tr\/index.php?rest_route=\/wp\/v2\/types\/post"}],"author":[{"embeddable":true,"href":"https:\/\/haberbesiktas.tr\/index.php?rest_route=\/wp\/v2\/users\/1"}],"replies":[{"embeddable":true,"href":"https:\/\/haberbesiktas.tr\/index.php?rest_route=%2Fwp%2Fv2%2Fcomments&post=11687"}],"version-history":[{"count":1,"href":"https:\/\/haberbesiktas.tr\/index.php?rest_route=\/wp\/v2\/posts\/11687\/revisions"}],"predecessor-version":[{"id":11689,"href":"https:\/\/haberbesiktas.tr\/index.php?rest_route=\/wp\/v2\/posts\/11687\/revisions\/11689"}],"wp:featuredmedia":[{"embeddable":true,"href":"https:\/\/haberbesiktas.tr\/index.php?rest_route=\/wp\/v2\/media\/11688"}],"wp:attachment":[{"href":"https:\/\/haberbesiktas.tr\/index.php?rest_route=%2Fwp%2Fv2%2Fmedia&parent=11687"}],"wp:term":[{"taxonomy":"category","embeddable":true,"href":"https:\/\/haberbesiktas.tr\/index.php?rest_route=%2Fwp%2Fv2%2Fcategories&post=11687"},{"taxonomy":"post_tag","embeddable":true,"href":"https:\/\/haberbesiktas.tr\/index.php?rest_route=%2Fwp%2Fv2%2Ftags&post=11687"}],"curies":[{"name":"wp","href":"https:\/\/api.w.org\/{rel}","templated":true}]}}