{"id":11690,"date":"2025-02-24T12:00:08","date_gmt":"2025-02-24T12:00:08","guid":{"rendered":"https:\/\/haberbesiktas.tr\/?p=11690"},"modified":"2025-02-24T12:00:08","modified_gmt":"2025-02-24T12:00:08","slug":"leverkusen-transferi-acikladi","status":"publish","type":"post","link":"https:\/\/haberbesiktas.tr\/?p=11690","title":{"rendered":"Leverkusen, transferi a\u00e7\u0131klad\u0131"},"content":{"rendered":"<div>Bayer Leverkusen, Martin Terrier&#8217;in uzun vadeli sakatl\u0131\u011f\u0131 sonras\u0131 atak s\u0131n\u0131r\u0131na destek yapt\u0131.<\/p>\n<p> Alman tak\u0131m\u0131, Aston Villa&#8217;dan Emiliano Buendia&#8217;y\u0131 tak\u0131m\u0131na katt\u0131\u011f\u0131n\u0131 a\u00e7\u0131klad\u0131.<\/p>\n<p> Buendia, d\u00f6nem sonuna kadar Bayer Leverkusen&#8217;de kiral\u0131k olarak forma giyecek.<\/p>\n<p> Aston Villa&#8217;da bu d\u00f6nem 20 ma\u00e7ta m\u00fcddet bulan Arjantinli futbolcu, 3 sefer gol sevinci ya\u015fad\u0131.<\/p>\n<\/div>\n","protected":false},"excerpt":{"rendered":"<p>Bayer Leverkusen, Aston Villa&#8217;dan Emiliano Buendia&#8217;y\u0131 d\u00f6nem sonuna kadar kiralad\u0131.<\/p>\n","protected":false},"author":1,"featured_media":11691,"comment_status":"open","ping_status":"open","sticky":false,"template":"","format":"standard","meta":{"footnotes":""},"categories":[25],"tags":[],"class_list":["post-11690","post","type-post","status-publish","format-standard","has-post-thumbnail","hentry","category-futbol"],"_links":{"self":[{"href":"https:\/\/haberbesiktas.tr\/index.php?rest_route=\/wp\/v2\/posts\/11690","targetHints":{"allow":["GET"]}}],"collection":[{"href":"https:\/\/haberbesiktas.tr\/index.php?rest_route=\/wp\/v2\/posts"}],"about":[{"href":"https:\/\/haberbesiktas.tr\/index.php?rest_route=\/wp\/v2\/types\/post"}],"author":[{"embeddable":true,"href":"https:\/\/haberbesiktas.tr\/index.php?rest_route=\/wp\/v2\/users\/1"}],"replies":[{"embeddable":true,"href":"https:\/\/haberbesiktas.tr\/index.php?rest_route=%2Fwp%2Fv2%2Fcomments&post=11690"}],"version-history":[{"count":1,"href":"https:\/\/haberbesiktas.tr\/index.php?rest_route=\/wp\/v2\/posts\/11690\/revisions"}],"predecessor-version":[{"id":11692,"href":"https:\/\/haberbesiktas.tr\/index.php?rest_route=\/wp\/v2\/posts\/11690\/revisions\/11692"}],"wp:featuredmedia":[{"embeddable":true,"href":"https:\/\/haberbesiktas.tr\/index.php?rest_route=\/wp\/v2\/media\/11691"}],"wp:attachment":[{"href":"https:\/\/haberbesiktas.tr\/index.php?rest_route=%2Fwp%2Fv2%2Fmedia&parent=11690"}],"wp:term":[{"taxonomy":"category","embeddable":true,"href":"https:\/\/haberbesiktas.tr\/index.php?rest_route=%2Fwp%2Fv2%2Fcategories&post=11690"},{"taxonomy":"post_tag","embeddable":true,"href":"https:\/\/haberbesiktas.tr\/index.php?rest_route=%2Fwp%2Fv2%2Ftags&post=11690"}],"curies":[{"name":"wp","href":"https:\/\/api.w.org\/{rel}","templated":true}]}}