{"id":1170,"date":"2025-01-05T10:30:47","date_gmt":"2025-01-05T10:30:47","guid":{"rendered":"https:\/\/haberbesiktas.tr\/?p=1170"},"modified":"2025-01-05T10:30:47","modified_gmt":"2025-01-05T10:30:47","slug":"abdullah-avcidan-fenerbahce-itirafi","status":"publish","type":"post","link":"https:\/\/haberbesiktas.tr\/?p=1170","title":{"rendered":"Abdullah Avc\u0131&#8217;dan Fenerbah\u00e7e itiraf\u0131!"},"content":{"rendered":"<div>Son olarak Trabzonspor&#8217;u \u00e7al\u0131\u015ft\u0131ran teknik y\u00f6netici Abdullah Avc\u0131, HT Spor&#8217;da a\u00e7\u0131klamalarda bulundu.<\/p>\n<p> B\u00fcy\u00fck gruplar taraf\u0131ndan an\u0131lman\u0131n ho\u015f oldu\u011funu vurgulayan deneyimli teknik adam,\u00a0<strong>&#8220;Sosyal medyada pek yokum. Profesyoneller beni bilgilendiriyorlar. \u0130\u015fin a\u00e7\u0131k\u00e7as\u0131 uzun m\u00fcddet \u00e7al\u0131\u015fan birisiyim. Benim futbolculu\u011fum ve antren\u00f6rl\u00fc\u011f\u00fcm 45 sene oldu. Bu 45 sene i\u00e7inde yaln\u0131zca 28 ay bo\u015flu\u011fum var. Y\u0131lda 15 g\u00fcne denk geliyor. B\u00fcy\u00fck kadrolarla an\u0131lmak, oraya lay\u0131k g\u00f6sterilmek ho\u015f. Bu vakte kadar yapt\u0131klar\u0131m\u0131z\u0131n kar\u015f\u0131l\u0131\u011f\u0131. Ulusal ekiplerde \u00e7al\u0131\u015ft\u0131m, d\u00f6rt b\u00fcy\u00fck kul\u00fcb\u00fcn i\u00e7inde bulundum. Fenerbah\u00e7e ile de vakit zaman d\u00fc\u015f\u00fcn\u00fcld\u00fck lakin ger\u00e7ekle\u015fmedi. Benim i\u00e7in yanl\u0131\u015fs\u0131z vakit ve ger\u00e7ek kul\u00fcp hangisiyse o olsun. O denli bir \u015fey olursa bunun de\u011ferlendirmesin yapar\u0131z diye d\u00fc\u015f\u00fcn\u00fcyorum.<\/strong>&#8221; dedi.<\/p>\n<p> <strong>&#8220;FENERBAH\u00c7E&#8217;YE GELECE\u011e\u0130M S\u00dcRE\u00c7TE YA\u015eADIM&#8221;<\/strong><\/p>\n<p> Trabzonspor&#8217;daki son periyodunda toplumsal medyadan gelen tenkitler hakk\u0131nda sorulan soruyu da yan\u0131tlayan Avc\u0131,<strong> &#8220;H\u0131zl\u0131 t\u00fcketimin oldu\u011fu bir toplumday\u0131z. \u00c7ok sa\u011fl\u0131ks\u0131zca bilgi kirli\u011finin oldu\u011fu ve menfaate d\u00f6n\u00fc\u015ft\u00fc\u011f\u00fc bir ortam. Toplumun da bu k\u00f6p\u00fcrtmenin pe\u015finden gitti\u011fi bir s\u00fcre\u00e7 ya\u015fan\u0131yor. B\u00fcy\u00fck kul\u00fcplerimizin y\u00f6neticileri de ne yaz\u0131k ki toplumsal medyaya teslim olmu\u015f vaziyettiler. Hi\u00e7bir vakit bir geli\u015fim sa\u011flanmayacak. Bu formda olunca geli\u015fim de t\u0131kan\u0131yor. Trabzonspor&#8217;da da bunu ya\u015fad\u0131m, Fenerbah\u00e7e&#8217;ye gelece\u011fim s\u00fcre\u00e7te de ya\u015fad\u0131m&#8221;<\/strong> kelamlar\u0131n\u0131 sarf etti.<\/p>\n<p> Futbola ba\u015flama k\u0131ssas\u0131n\u0131 anlatan ve \u00e7ocuklu\u011funa de\u011finen Avc\u0131,<strong> &#8220;Futbol, hayat\u0131m\u0131n bir \u00e7\u0131k\u0131\u015f noktas\u0131. Semtte benim i\u00e7in herkes &#8216;\u0130yi futbolcu olacak&#8217; kederi. Tek hayal etti\u011fim \u015feydi. Mahalle ortas\u0131nda biri beni g\u00f6r\u00fcp g\u00f6t\u00fcrecek diye bir tutkum vard\u0131. Mahallede \u00e7ok alanlar\u0131m\u0131z yoktu, meskenlerin gerilerinde k\u00f6m\u00fcrl\u00fckler vard\u0131. O k\u00f6m\u00fcrl\u00fcklerin kap\u0131lar\u0131 kaleydi. O kap\u0131lar\u0131 a\u00e7\u0131yordum oralar\u0131 kale yap\u0131yordum ve \u015fut \u00e7ekiyordum&#8221;<\/strong> dedi.<\/p>\n<\/div>\n","protected":false},"excerpt":{"rendered":"<p>Teknik y\u00f6netici Abdullah Avc\u0131, canl\u0131 yay\u0131nda Fenerbah\u00e7e ile ilgili bir itirafta bulundu.<\/p>\n","protected":false},"author":1,"featured_media":1171,"comment_status":"open","ping_status":"open","sticky":false,"template":"","format":"standard","meta":{"footnotes":""},"categories":[25],"tags":[54],"class_list":["post-1170","post","type-post","status-publish","format-standard","has-post-thumbnail","hentry","category-futbol","tag-zaman"],"_links":{"self":[{"href":"https:\/\/haberbesiktas.tr\/index.php?rest_route=\/wp\/v2\/posts\/1170","targetHints":{"allow":["GET"]}}],"collection":[{"href":"https:\/\/haberbesiktas.tr\/index.php?rest_route=\/wp\/v2\/posts"}],"about":[{"href":"https:\/\/haberbesiktas.tr\/index.php?rest_route=\/wp\/v2\/types\/post"}],"author":[{"embeddable":true,"href":"https:\/\/haberbesiktas.tr\/index.php?rest_route=\/wp\/v2\/users\/1"}],"replies":[{"embeddable":true,"href":"https:\/\/haberbesiktas.tr\/index.php?rest_route=%2Fwp%2Fv2%2Fcomments&post=1170"}],"version-history":[{"count":1,"href":"https:\/\/haberbesiktas.tr\/index.php?rest_route=\/wp\/v2\/posts\/1170\/revisions"}],"predecessor-version":[{"id":1172,"href":"https:\/\/haberbesiktas.tr\/index.php?rest_route=\/wp\/v2\/posts\/1170\/revisions\/1172"}],"wp:featuredmedia":[{"embeddable":true,"href":"https:\/\/haberbesiktas.tr\/index.php?rest_route=\/wp\/v2\/media\/1171"}],"wp:attachment":[{"href":"https:\/\/haberbesiktas.tr\/index.php?rest_route=%2Fwp%2Fv2%2Fmedia&parent=1170"}],"wp:term":[{"taxonomy":"category","embeddable":true,"href":"https:\/\/haberbesiktas.tr\/index.php?rest_route=%2Fwp%2Fv2%2Fcategories&post=1170"},{"taxonomy":"post_tag","embeddable":true,"href":"https:\/\/haberbesiktas.tr\/index.php?rest_route=%2Fwp%2Fv2%2Ftags&post=1170"}],"curies":[{"name":"wp","href":"https:\/\/api.w.org\/{rel}","templated":true}]}}