{"id":11703,"date":"2025-02-24T13:24:06","date_gmt":"2025-02-24T13:24:06","guid":{"rendered":"https:\/\/haberbesiktas.tr\/?p=11703"},"modified":"2025-02-24T13:24:06","modified_gmt":"2025-02-24T13:24:06","slug":"oguzhan-ozyakuptan-talisca-aciklamasi","status":"publish","type":"post","link":"https:\/\/haberbesiktas.tr\/?p=11703","title":{"rendered":"O\u011fuzhan \u00d6zyakup&#8217;tan Talisca a\u00e7\u0131klamas\u0131!"},"content":{"rendered":"<div>Be\u015fikta\u015f&#8217;\u0131n eski futbolcusu O\u011fuzhan \u00d6zyakup, BA\u015e Sports&#8217;a a\u00e7\u0131klamalarda bulundu.<\/p>\n<p> Be\u015fikta\u015f&#8217;ta Anderson Talisca ile birlikte misyon yapan O\u011fuzhan \u00d6zyakup, Fenerbah\u00e7e&#8217;nin Brezilyal\u0131 y\u0131ld\u0131z\u0131 tak\u0131m\u0131na katmas\u0131n\u0131 k\u0131ymetlendirdi.<\/p>\n<p> O\u011fuzhan \u00d6zyakup, <strong>&#8220;Benim periyodunda \u00e7ok \u00e2l\u00e2 bir futbolcuydu. Suudi Arabistan Ligi&#8217;ni de izledim de son periyotta \u00e7ok oynayamad\u0131. Talisca, her vakit i\u015f yapar diye d\u00fc\u015f\u00fcn\u00fcyorum.&#8221;<\/strong> dedi.<\/p>\n<p> <strong>&#8220;MOURINHO \u0130KNA EDEB\u0130L\u0130R&#8221;<\/strong><\/p>\n<p> &#8220;Sizi \u00e7ok kurtard\u0131&#8221; halinde hat\u0131rlatma yap\u0131lan O\u011fuzhan,<strong> &#8220;\u00c7ok kurtard\u0131 ancak 80 dakika \u00e7ekiyorduk. Hi\u00e7 defans yapm\u0131yordu. Mourinho, tahminen onu o mevzuda onu ikna edebilir. Bir sorun daha olacak. Dzeko ve En-Nesyri birlikte oynuyorlar. Kimi oturtacak? Onlar hocan\u0131n sorunu. Talisca, 10 numara konumunda bence Fenerbah\u00e7e&#8217;ye gerekli bir oyuncu. Talisca, bildi\u011fimiz Talisca ise y\u00fczde y\u00fcz i\u015f yapar. Biraz daha alt\u0131 olsa bile i\u015f yapar lakin g\u00f6rmek laz\u0131m. Fitse muhakkak yanl\u0131\u015fs\u0131z. Talisca, i\u00e7 yapar.&#8221;<\/strong> diye konu\u015ftu.<\/p>\n<p> Talisca&#8217;n\u0131n ayak i\u00e7inin \u00e7ok \u00e2l\u00e2 oldu\u011funu anlatan ve Brezilyal\u0131 y\u0131ld\u0131z ile ilgili Be\u015fikta\u015f&#8217;taki bir idman an\u0131s\u0131n\u0131 anlatan O\u011fuzhan \u00d6zyakup, <strong>&#8220;Ayak i\u00e7i \u00e7ok g\u00fczeldi, \u00e7ok net. Kadro \u00e7abucak hemen birebir kiloyu yap\u0131yordu. \u0130ncecik, hi\u00e7bir kas\u0131 yok ancak ayak i\u00e7i inan\u0131lmaz uygun, inan\u0131lmaz sert. 25&#8217;ten ayak i\u00e7i vuruyordu. Biz hareketi yapaca\u011f\u0131z. Takt\u0131. Ben de tesad\u00fcfen oraday\u0131m. Ald\u0131, en sona takt\u0131. \u00c7at \u00e7at seti bitirdi. Hepimiz \u015fa\u015f\u0131rd\u0131k kald\u0131k. Zira kas yok. Beklemezsiniz zira salonda da hi\u00e7 yok. Fitnessaa hi\u00e7 girmez. Sonra konu\u015ftuk onunla biraz. \u00c7ok kolayd\u0131 onun i\u00e7in. Orada onun genetik orada \u00e7ok g\u00fcc\u00fc var. 25-30 metreden gerilmeden ayak i\u00e7i vuruyordu. Fenerbah\u00e7e&#8217;nin hakikat transferi. O duruma katiyetle muhta\u00e7l\u0131k vard\u0131. Fitse y\u00fczde y\u00fcz hakikat.&#8221;<\/strong> kelamlar\u0131n\u0131 sarf etti.<\/p>\n<\/div>\n","protected":false},"excerpt":{"rendered":"<p>Be\u015fikta\u015f&#8217;ta Anderson Talisca ile kadro arkada\u015f\u0131 olan O\u011fuzhan \u00d6zyakup, Brezilyal\u0131 y\u0131ld\u0131z ile ilgili konu\u015ftu.<\/p>\n","protected":false},"author":1,"featured_media":11704,"comment_status":"open","ping_status":"open","sticky":false,"template":"","format":"standard","meta":{"footnotes":""},"categories":[25],"tags":[1292,933],"class_list":["post-11703","post","type-post","status-publish","format-standard","has-post-thumbnail","hentry","category-futbol","tag-oguzhan","tag-talisca"],"_links":{"self":[{"href":"https:\/\/haberbesiktas.tr\/index.php?rest_route=\/wp\/v2\/posts\/11703","targetHints":{"allow":["GET"]}}],"collection":[{"href":"https:\/\/haberbesiktas.tr\/index.php?rest_route=\/wp\/v2\/posts"}],"about":[{"href":"https:\/\/haberbesiktas.tr\/index.php?rest_route=\/wp\/v2\/types\/post"}],"author":[{"embeddable":true,"href":"https:\/\/haberbesiktas.tr\/index.php?rest_route=\/wp\/v2\/users\/1"}],"replies":[{"embeddable":true,"href":"https:\/\/haberbesiktas.tr\/index.php?rest_route=%2Fwp%2Fv2%2Fcomments&post=11703"}],"version-history":[{"count":1,"href":"https:\/\/haberbesiktas.tr\/index.php?rest_route=\/wp\/v2\/posts\/11703\/revisions"}],"predecessor-version":[{"id":11705,"href":"https:\/\/haberbesiktas.tr\/index.php?rest_route=\/wp\/v2\/posts\/11703\/revisions\/11705"}],"wp:featuredmedia":[{"embeddable":true,"href":"https:\/\/haberbesiktas.tr\/index.php?rest_route=\/wp\/v2\/media\/11704"}],"wp:attachment":[{"href":"https:\/\/haberbesiktas.tr\/index.php?rest_route=%2Fwp%2Fv2%2Fmedia&parent=11703"}],"wp:term":[{"taxonomy":"category","embeddable":true,"href":"https:\/\/haberbesiktas.tr\/index.php?rest_route=%2Fwp%2Fv2%2Fcategories&post=11703"},{"taxonomy":"post_tag","embeddable":true,"href":"https:\/\/haberbesiktas.tr\/index.php?rest_route=%2Fwp%2Fv2%2Ftags&post=11703"}],"curies":[{"name":"wp","href":"https:\/\/api.w.org\/{rel}","templated":true}]}}