{"id":11709,"date":"2025-02-24T13:48:08","date_gmt":"2025-02-24T13:48:08","guid":{"rendered":"https:\/\/haberbesiktas.tr\/?p=11709"},"modified":"2025-02-24T13:48:08","modified_gmt":"2025-02-24T13:48:08","slug":"canli-okan-buruk-konusuyor-2","status":"publish","type":"post","link":"https:\/\/haberbesiktas.tr\/?p=11709","title":{"rendered":"CANLI: Okan Buruk konu\u015fuyor"},"content":{"rendered":"<div>Galatasaray&#8217;\u0131n UEFA Avrupa Ligi&#8217;nde Ajax ile oynayaca\u011f\u0131 ma\u00e7 \u00f6ncesi teknik y\u00f6netici Okan Buruk ve oyunculardan Dries Mertens a\u00e7\u0131klamalarda bulunuyor.<\/p>\n<p><strong>CANLI TAK\u0130P \u0130\u00c7\u0130N TIKLAYINIZ<\/strong><\/p>\n<p><span><strong>OKAN BURUK<\/strong><\/p>\n<p>&#8220;Ajax, Rigas&#8217;ta kesin kazan\u0131p son ma\u00e7a \u00e7\u0131kar diye d\u00fc\u015f\u00fcn\u00fcrken son ma\u00e7a kald\u0131. Bir\u00e7ok kadro bunu ya\u015f\u0131yor. Manchester City, bu ak\u015fam birinci 24&#8217;e kalmak i\u00e7in oynayacak. Bu t\u0131p ma\u00e7lar oluyor. Lakin elimizdeki talih devam ediyor. Bu da bizim i\u00e7in \u00e7ok k\u0131ymetli. Tottenham ma\u00e7\u0131nda bunu yapt\u0131k. En g\u00fc\u00e7 ma\u00e7 olarak g\u00f6z\u00fck\u00fcyordu lakin tahminen en kolay ma\u00e7lar\u0131m\u0131zdan biri oldu.&#8221;<\/span><\/p>\n<p><span><strong>ISMAIL JAKOBS&#8217;UN DURUMU<\/strong><\/p>\n<p><\/span><span><span>&#8220;Yar\u0131n tekrar denetimlerini yapaca\u011f\u0131z. Bug\u00fcn bizimle idmanlara \u00e7\u0131kt\u0131. Bu ma\u00e7lar\u0131 d\u00fc\u015f\u00fcn\u00fcyoruz fakat ba\u015fka yandan bundan sonraki s\u00fcre\u00e7 daha uzun bir sakatl\u0131k getirir mi, onu d\u00fc\u015f\u00fcn\u00fcyoruz. Bu da de\u011ferli oluyor. Icardi, aylarca i\u011fneyle oynad\u0131. O, o \u00e7e\u015fit bir oyuncuydu. Her oyuncu birebir olmuyor. Yar\u0131n daha net bir karar verece\u011fiz onunla ilgili.&#8221;<\/p>\n<p>&#8220;Bizim i\u00e7in \u00e7ok de\u011ferli bir ma\u00e7. Son ma\u00e7a geldik. Kazand\u0131\u011f\u0131m\u0131zda k\u00fcmeden \u00e7\u0131kma talihimiz y\u00fczde 99&#8217;lara geliyor. \u00c2l\u00e2 bir gruba kar\u015f\u0131 oynayaca\u011f\u0131z. Oyun kalitesi, futbolcu kalitesi, Hollanda&#8217;n\u0131n en b\u00fcy\u00fck kul\u00fcplerinden birisine kar\u015f\u0131 oynayaca\u011f\u0131z. Bizim i\u00e7in \u00e7ok de\u011ferli. Kazanmak i\u00e7in elimizden geleni yapaca\u011f\u0131z.&#8221;<\/p>\n<p><span><strong>TRANSFER\u00a0<\/strong><\/p>\n<p> &#8220;\u015eu anda mevzumuz transfer de\u011fil. Tek hususumuz Ajax ma\u00e7\u0131. Kazanmak ve \u00e7e\u015fidi ge\u00e7mek tek mevzumuz. Bundan sonra \u00f6n\u00fcm\u00fczde g\u00fcnler var. Transfer i\u00e7in m\u00fchlet var. \u00c7al\u0131\u015fmalar yap\u0131l\u0131yor. Bu ak\u015fam i\u00e7in g\u00fcndemimiz transfer de\u011fil.&#8221;<\/span><\/p>\n<p><strong>DRIES MERTENS<\/strong><\/p>\n<p>&#8220;Ajax&#8217;\u0131n alan\u0131nda ne kadar g\u00fczel oynad\u0131\u011f\u0131n\u0131 biliyoruz. S\u0131k\u0131nt\u0131 bir ma\u00e7 olacak. Biz birinci 8&#8217;de olmak istiyoruz. Her \u015feyimizi verece\u011fiz. \u0130n\u015fallah Galatasaray i\u00e7in ho\u015f olur.&#8221;<br \/><\/span><\/span> <strong>Kendisini Benjamin Button&#8217;a benzeten taraftarlar oldu toplumsal medyada. Bu bahiste ne d\u00fc\u015f\u00fcn\u00fcyor?<\/strong><\/p>\n<p> &#8220;Kar\u015f\u0131 taraf\u0131n teknik y\u00f6neticisi benden biraz daha gen\u00e7. Bazen benim i\u00e7in g\u00fc\u00e7 olabiliyor. Lakin \u00e7ok ho\u015f bir ekipteyim. Arkada\u015flar\u0131m beni \u00e7ok ho\u015f toparl\u0131yorlar. Bu hususta memnunum. Birinci 8&#8217;de bitirmeyi hedefliyorduk. Yar\u0131nki ma\u00e7a bakaca\u011f\u0131z. \u0130n\u015fallah birinci 8&#8217;de tamamlayaca\u011f\u0131z.&#8221;<\/p>\n<\/div>\n","protected":false},"excerpt":{"rendered":"<p>Galatasaray&#8217;\u0131n UEFA Avrupa Ligi&#8217;nde Ajax ile oynayaca\u011f\u0131 ma\u00e7 \u00f6ncesi teknik y\u00f6netici Okan Buruk ve oyunculardan Dries Mertens a\u00e7\u0131klamalarda bulunuyor.<\/p>\n","protected":false},"author":1,"featured_media":11710,"comment_status":"open","ping_status":"open","sticky":false,"template":"","format":"standard","meta":{"footnotes":""},"categories":[25],"tags":[50,241],"class_list":["post-11709","post","type-post","status-publish","format-standard","has-post-thumbnail","hentry","category-futbol","tag-mac","tag-tek"],"_links":{"self":[{"href":"https:\/\/haberbesiktas.tr\/index.php?rest_route=\/wp\/v2\/posts\/11709","targetHints":{"allow":["GET"]}}],"collection":[{"href":"https:\/\/haberbesiktas.tr\/index.php?rest_route=\/wp\/v2\/posts"}],"about":[{"href":"https:\/\/haberbesiktas.tr\/index.php?rest_route=\/wp\/v2\/types\/post"}],"author":[{"embeddable":true,"href":"https:\/\/haberbesiktas.tr\/index.php?rest_route=\/wp\/v2\/users\/1"}],"replies":[{"embeddable":true,"href":"https:\/\/haberbesiktas.tr\/index.php?rest_route=%2Fwp%2Fv2%2Fcomments&post=11709"}],"version-history":[{"count":1,"href":"https:\/\/haberbesiktas.tr\/index.php?rest_route=\/wp\/v2\/posts\/11709\/revisions"}],"predecessor-version":[{"id":11711,"href":"https:\/\/haberbesiktas.tr\/index.php?rest_route=\/wp\/v2\/posts\/11709\/revisions\/11711"}],"wp:featuredmedia":[{"embeddable":true,"href":"https:\/\/haberbesiktas.tr\/index.php?rest_route=\/wp\/v2\/media\/11710"}],"wp:attachment":[{"href":"https:\/\/haberbesiktas.tr\/index.php?rest_route=%2Fwp%2Fv2%2Fmedia&parent=11709"}],"wp:term":[{"taxonomy":"category","embeddable":true,"href":"https:\/\/haberbesiktas.tr\/index.php?rest_route=%2Fwp%2Fv2%2Fcategories&post=11709"},{"taxonomy":"post_tag","embeddable":true,"href":"https:\/\/haberbesiktas.tr\/index.php?rest_route=%2Fwp%2Fv2%2Ftags&post=11709"}],"curies":[{"name":"wp","href":"https:\/\/api.w.org\/{rel}","templated":true}]}}