{"id":11712,"date":"2025-02-24T14:00:05","date_gmt":"2025-02-24T14:00:05","guid":{"rendered":"https:\/\/haberbesiktas.tr\/?p=11712"},"modified":"2025-02-24T14:00:05","modified_gmt":"2025-02-24T14:00:05","slug":"okan-buruktan-transfer-aciklamasi","status":"publish","type":"post","link":"https:\/\/haberbesiktas.tr\/?p=11712","title":{"rendered":"Okan Buruk&#8217;tan transfer a\u00e7\u0131klamas\u0131"},"content":{"rendered":"<div>Galatasaray&#8217;\u0131n UEFA Avrupa Ligi&#8217;nde Ajax ile oynayaca\u011f\u0131 ma\u00e7 \u00f6ncesi teknik y\u00f6netici Okan Buruk a\u00e7\u0131klamalarda bulundu.<\/p>\n<p><span><strong>\u0130\u015fte Okan Buruk&#8217;un a\u00e7\u0131klamalar\u0131;<br \/><\/strong><br \/>&#8220;Ajax, Rigas&#8217;ta kesin kazan\u0131p son ma\u00e7a \u00e7\u0131kar diye d\u00fc\u015f\u00fcn\u00fcrken son ma\u00e7a kald\u0131. Bir\u00e7ok kadro bunu ya\u015f\u0131yor. Manchester City, bu ak\u015fam birinci 24&#8217;e kalmak i\u00e7in oynayacak. Bu cins ma\u00e7lar oluyor. Ancak elimizdeki talih devam ediyor. Bu da bizim i\u00e7in \u00e7ok de\u011ferli. Tottenham ma\u00e7\u0131nda bunu yapt\u0131k. En g\u00fc\u00e7 ma\u00e7 olarak g\u00f6z\u00fck\u00fcyordu lakin tahminen en kolay ma\u00e7lar\u0131m\u0131zdan biri oldu.&#8221;<\/span><\/p>\n<p><span><strong>ISMAIL JAKOBS&#8217;UN DURUMU<\/strong><\/p>\n<p><\/span><span><span><span>&#8220;Yar\u0131n tekrar denetimlerini yapaca\u011f\u0131z. Bug\u00fcn bizimle idmanlara \u00e7\u0131kt\u0131. Bu ma\u00e7lar\u0131 d\u00fc\u015f\u00fcn\u00fcyoruz lakin \u00f6teki yandan bundan sonraki s\u00fcre\u00e7 daha uzun bir sakatl\u0131k getirir mi, onu d\u00fc\u015f\u00fcn\u00fcyoruz. Bu da de\u011ferli oluyor. Icardi, aylarca i\u011fneyle oynad\u0131. O, o t\u0131p bir oyuncuydu. Her oyuncu birebir olmuyor. Yar\u0131n daha net bir karar verece\u011fiz onunla ilgili.&#8221;<\/p>\n<p>&#8220;Bizim i\u00e7in \u00e7ok k\u0131ymetli bir ma\u00e7. Son ma\u00e7a geldik. Kazand\u0131\u011f\u0131m\u0131zda k\u00fcmeden \u00e7\u0131kma baht\u0131m\u0131z y\u00fczde 99&#8217;lara geliyor. G\u00fczel bir gruba kar\u015f\u0131 oynayaca\u011f\u0131z. Oyun kalitesi, futbolcu kalitesi, Hollanda&#8217;n\u0131n en b\u00fcy\u00fck kul\u00fcplerinden birisine kar\u015f\u0131 oynayaca\u011f\u0131z. Bizim i\u00e7in \u00e7ok de\u011ferli. Kazanmak i\u00e7in elimizden geleni yapaca\u011f\u0131z.&#8221;<\/p>\n<p><span><strong>TRANSFER\u00a0<\/strong><\/p>\n<p> &#8220;\u015eu anda hususumuz transfer de\u011fil. Tek hususumuz Ajax ma\u00e7\u0131. Kazanmak ve tipi ge\u00e7mek tek mevzumuz. Bundan sonra \u00f6n\u00fcm\u00fczde g\u00fcnler var. Transfer i\u00e7in m\u00fchlet var. \u00c7al\u0131\u015fmalar yap\u0131l\u0131yor. Bu ak\u015fam i\u00e7in g\u00fcndemimiz transfer de\u011fil.&#8221;<\/p>\n<p><strong>&#8220;TAB\u0130\u0130 K\u0130 TRANSFER OLACAK&#8221;<\/strong><\/p>\n<p><\/span><\/span><\/span><\/span> <\/p>\n<div>\n<div><span>&#8220;Akl\u0131m\u0131z, ak\u0131l s\u0131hhatimiz yerinde o y\u00fczden puan durumunu g\u00f6r\u00fcyoruz. Ne ya\u015fad\u0131\u011f\u0131m\u0131z\u0131, ne kadar g\u00fc\u00e7l\u00fc oldu\u011fumuzu, ne kadar uygun bir tak\u0131m\u0131m\u0131z oldu\u011funu, ne kadar ba\u015far\u0131l\u0131 oldu\u011fumuzu g\u00f6r\u00fcyoruz. Futbol o denli bir \u015fey ki o konsantrasyonu her vakit canl\u0131 tutmal\u0131s\u0131n\u0131z. Biz de bunu yapamaya \u00e7al\u0131\u015f\u0131yoruz. Bunu devam ettirmeye \u00e7al\u0131\u015faca\u011f\u0131z. Tak\u0131m zahmeti ya\u015fad\u0131\u011f\u0131m\u0131z periyotlar de oluyor. Transfer devri, Galatasaray&#8217;\u0131 kar\u0131\u015ft\u0131rmak isteyen taraftarlar taraf\u0131ndan da kullan\u0131lmaya \u00e7al\u0131\u015f\u0131l\u0131yor. Biz kendimizi biliyoruz. \u0130darenin uygun niyetle \u00e7al\u0131\u015ft\u0131\u011f\u0131n\u0131 biliyoruz. Destek olacak oyuncular\u0131n bizim d\u00fczeyimizde olmas\u0131 \u00e7ok k\u0131ymetli. Ekipte \u00e7ok ho\u015f bir hava olu\u015ftu. Her \u015fey \u00e2l\u00e2 gidiyor. Buray\u0131 bozmamak istiyoruz. Buraya de\u011ferli katk\u0131 verecek, buray\u0131 \u00f6nemseyecek, en yak\u0131n \u00f6rne\u011fi yan\u0131mda Dries var. Bize \u00e7ok katk\u0131 verdi. Bu ekibi sahiplenecek oyuncular almam\u0131z gerekiyor. Yaln\u0131zca isim alman\u0131z \u00e7ok k\u0131ymetli de\u011fil. Karakteri de g\u00fc\u00e7l\u00fc oyuncular olmas\u0131 gerekiyor. Transfer olacak ola\u011fan ki. \u00d6n\u00fcm\u00fczde g\u00fcnler var. Bu yap\u0131lacak. Destek yap\u0131lacak. \u00c7ok de\u011ferli bir oyuncumuz sakatland\u0131. Tahminen de en k\u0131ymetli ma\u00e7ta sakatland\u0131. Burada da biz bu destekleri yapaca\u011f\u0131z. Her \u015fey bizim i\u00e7in olumlu. Olumlu taraf\u0131ndan bak\u0131yoruz. Oyuncular\u0131ma yar\u0131n \u00e7ok g\u00fcveniyorum. En g\u00fczelini yapmaya \u00e7al\u0131\u015faca\u011f\u0131z.&#8221;<\/p>\n<p><strong>FARIOLI&#8217;YE CEVAP<\/strong><\/p>\n<p>&#8220;T\u00fcrkiye&#8217;de tam ayk\u0131r\u0131s\u0131 soruluyor. Bu kadar de\u011ferli oyuncularla herkes \u00e7al\u0131\u015fmak ister. \u00c7ok de\u011ferli bir tak\u0131ma sahibiz. Bunun bedelini bilmeliyiz. Farioli i\u00e7in de T\u00fcrkiye&#8217;de \u00e7al\u0131\u015ft\u0131\u011f\u0131 devir, T\u00fcrkiye&#8217;de \u00e7al\u0131\u015ft\u0131\u011f\u0131 ekipler, oradaki tak\u0131m kalitesi ile buradaki farkl\u0131. \u00c7ok de\u011ferli oyuncularla \u00e7al\u0131\u015f\u0131yor. Ajax&#8217;\u0131n da k\u0131ymetli bir tak\u0131ma sahip oldu\u011funu s\u00f6yledi. T\u00fcrkiye&#8217;de bu tak\u0131m\u0131n bedelini az biliyoruz. Oyuncular\u0131m saha i\u00e7inde g\u00f6steriyor. Bunu daha \u00e7ok g\u00f6sterece\u011fimiz 4 ay bizi bekliyor.&#8221;<\/p>\n<p><\/span><\/div>\n<\/p><\/div>\n<\/div>\n","protected":false},"excerpt":{"rendered":"<p>Galatasaray&#8217;\u0131n UEFA Avrupa Ligi&#8217;nde Ajax ile oynayaca\u011f\u0131 ma\u00e7 \u00f6ncesi teknik y\u00f6netici Okan Buruk a\u00e7\u0131klamalarda bulundu.<\/p>\n","protected":false},"author":1,"featured_media":11713,"comment_status":"open","ping_status":"open","sticky":false,"template":"","format":"standard","meta":{"footnotes":""},"categories":[25],"tags":[909,1293,50,49,48],"class_list":["post-11712","post","type-post","status-publish","format-standard","has-post-thumbnail","hentry","category-futbol","tag-bizim","tag-kadro","tag-mac","tag-oyuncu","tag-transfer"],"_links":{"self":[{"href":"https:\/\/haberbesiktas.tr\/index.php?rest_route=\/wp\/v2\/posts\/11712","targetHints":{"allow":["GET"]}}],"collection":[{"href":"https:\/\/haberbesiktas.tr\/index.php?rest_route=\/wp\/v2\/posts"}],"about":[{"href":"https:\/\/haberbesiktas.tr\/index.php?rest_route=\/wp\/v2\/types\/post"}],"author":[{"embeddable":true,"href":"https:\/\/haberbesiktas.tr\/index.php?rest_route=\/wp\/v2\/users\/1"}],"replies":[{"embeddable":true,"href":"https:\/\/haberbesiktas.tr\/index.php?rest_route=%2Fwp%2Fv2%2Fcomments&post=11712"}],"version-history":[{"count":1,"href":"https:\/\/haberbesiktas.tr\/index.php?rest_route=\/wp\/v2\/posts\/11712\/revisions"}],"predecessor-version":[{"id":11714,"href":"https:\/\/haberbesiktas.tr\/index.php?rest_route=\/wp\/v2\/posts\/11712\/revisions\/11714"}],"wp:featuredmedia":[{"embeddable":true,"href":"https:\/\/haberbesiktas.tr\/index.php?rest_route=\/wp\/v2\/media\/11713"}],"wp:attachment":[{"href":"https:\/\/haberbesiktas.tr\/index.php?rest_route=%2Fwp%2Fv2%2Fmedia&parent=11712"}],"wp:term":[{"taxonomy":"category","embeddable":true,"href":"https:\/\/haberbesiktas.tr\/index.php?rest_route=%2Fwp%2Fv2%2Fcategories&post=11712"},{"taxonomy":"post_tag","embeddable":true,"href":"https:\/\/haberbesiktas.tr\/index.php?rest_route=%2Fwp%2Fv2%2Ftags&post=11712"}],"curies":[{"name":"wp","href":"https:\/\/api.w.org\/{rel}","templated":true}]}}