{"id":11715,"date":"2025-02-24T14:12:05","date_gmt":"2025-02-24T14:12:05","guid":{"rendered":"https:\/\/haberbesiktas.tr\/?p=11715"},"modified":"2025-02-24T14:12:05","modified_gmt":"2025-02-24T14:12:05","slug":"mertensten-farioliye-gonderme","status":"publish","type":"post","link":"https:\/\/haberbesiktas.tr\/?p=11715","title":{"rendered":"Mertens&#8217;ten Farioli&#8217;ye g\u00f6nderme"},"content":{"rendered":"<div>Galatasaray&#8217;\u0131n deneyimli y\u0131ld\u0131z\u0131 Dries Mertens, Ajax ma\u00e7\u0131 \u00f6ncesinde a\u00e7\u0131klamalarda bulundu.<\/p>\n<p>\u0130\u015fte Mertens&#8217;in a\u00e7\u0131klamalar\u0131;<br \/> &#8220;Ajax&#8217;\u0131n alan\u0131nda ne kadar d\u00fczg\u00fcn oynad\u0131\u011f\u0131n\u0131 biliyoruz. G\u00fc\u00e7 bir ma\u00e7 olacak. Biz birinci 8&#8217;de olmak istiyoruz. Her \u015feyimizi verece\u011fiz. \u0130n\u015fallah Galatasaray i\u00e7in ho\u015f olur.&#8221;<\/p>\n<p><strong>Kendisini Benjamin Button&#8217;a benzeten taraftarlar oldu toplumsal medyada. Bu mevzuda ne d\u00fc\u015f\u00fcn\u00fcyor?<\/strong><\/p>\n<p> &#8220;Kar\u015f\u0131 taraf\u0131n teknik y\u00f6neticisi benden biraz daha gen\u00e7. Bazen benim i\u00e7in g\u00fc\u00e7 olabiliyor. Fakat \u00e7ok ho\u015f bir ekipteyim. Arkada\u015flar\u0131m beni \u00e7ok ho\u015f toparl\u0131yorlar. Bu mevzuda memnunum. Birinci 8&#8217;de bitirmeyi hedefliyorduk. Yar\u0131nki ma\u00e7a bakaca\u011f\u0131z. \u0130n\u015fallah birinci 8&#8217;de tamamlayaca\u011f\u0131z.&#8221;<\/p>\n<p><strong>&#8220;RAK\u0130B\u0130N HOCASI BENDEN GEN\u00c7&#8221;<\/strong><\/p>\n<p> &#8220;Her g\u00fcn\u00fcmden keyif al\u0131yorum. Nereye gelece\u011fimi vakit g\u00f6sterecektir. Kar\u015f\u0131 taraf\u0131n ko\u00e7u senden daha gen\u00e7se biraz daha zorland\u0131\u011f\u0131n\u0131 hissediyorsun. Fakat elimden geleni yapaca\u011f\u0131m.&#8221;<\/p>\n<p> &#8220;Bug\u00fcn otele geldik ve taraftarlarla kar\u015f\u0131lad\u0131k. En d\u00fczg\u00fcn motivasyon benim i\u00e7in. Yar\u0131nki ma\u00e7ta elimden geleni yapaca\u011f\u0131m.&#8221;<\/p>\n<\/div>\n","protected":false},"excerpt":{"rendered":"<p>Galatasaray&#8217;\u0131n deneyimli y\u0131ld\u0131z\u0131 Dries Mertens, Ajax ma\u00e7\u0131 \u00f6ncesinde a\u00e7\u0131klamalarda bulundu.<\/p>\n","protected":false},"author":1,"featured_media":11716,"comment_status":"open","ping_status":"open","sticky":false,"template":"","format":"standard","meta":{"footnotes":""},"categories":[25],"tags":[],"class_list":["post-11715","post","type-post","status-publish","format-standard","has-post-thumbnail","hentry","category-futbol"],"_links":{"self":[{"href":"https:\/\/haberbesiktas.tr\/index.php?rest_route=\/wp\/v2\/posts\/11715","targetHints":{"allow":["GET"]}}],"collection":[{"href":"https:\/\/haberbesiktas.tr\/index.php?rest_route=\/wp\/v2\/posts"}],"about":[{"href":"https:\/\/haberbesiktas.tr\/index.php?rest_route=\/wp\/v2\/types\/post"}],"author":[{"embeddable":true,"href":"https:\/\/haberbesiktas.tr\/index.php?rest_route=\/wp\/v2\/users\/1"}],"replies":[{"embeddable":true,"href":"https:\/\/haberbesiktas.tr\/index.php?rest_route=%2Fwp%2Fv2%2Fcomments&post=11715"}],"version-history":[{"count":1,"href":"https:\/\/haberbesiktas.tr\/index.php?rest_route=\/wp\/v2\/posts\/11715\/revisions"}],"predecessor-version":[{"id":11717,"href":"https:\/\/haberbesiktas.tr\/index.php?rest_route=\/wp\/v2\/posts\/11715\/revisions\/11717"}],"wp:featuredmedia":[{"embeddable":true,"href":"https:\/\/haberbesiktas.tr\/index.php?rest_route=\/wp\/v2\/media\/11716"}],"wp:attachment":[{"href":"https:\/\/haberbesiktas.tr\/index.php?rest_route=%2Fwp%2Fv2%2Fmedia&parent=11715"}],"wp:term":[{"taxonomy":"category","embeddable":true,"href":"https:\/\/haberbesiktas.tr\/index.php?rest_route=%2Fwp%2Fv2%2Fcategories&post=11715"},{"taxonomy":"post_tag","embeddable":true,"href":"https:\/\/haberbesiktas.tr\/index.php?rest_route=%2Fwp%2Fv2%2Ftags&post=11715"}],"curies":[{"name":"wp","href":"https:\/\/api.w.org\/{rel}","templated":true}]}}