{"id":1173,"date":"2025-01-05T10:42:46","date_gmt":"2025-01-05T10:42:46","guid":{"rendered":"https:\/\/haberbesiktas.tr\/?p=1173"},"modified":"2025-01-05T10:42:46","modified_gmt":"2025-01-05T10:42:46","slug":"iste-galatasarayin-istedigi-sanenin-gonlundeki-takim","status":"publish","type":"post","link":"https:\/\/haberbesiktas.tr\/?p=1173","title":{"rendered":"\u0130\u015fte Galatasaray&#8217;\u0131n istedi\u011fi Sane&#8217;nin g\u00f6nl\u00fcndeki tak\u0131m!"},"content":{"rendered":"<div>Ge\u00e7ti\u011fimiz g\u00fcnlerde Alman bas\u0131n\u0131ndan Sky Sport, Galatasaray&#8217;\u0131n Leroy Sane ile ilgilendi\u011fini yazm\u0131\u015ft\u0131. D\u00f6nem sonunda mukavelesi bitecek olan ve Bayern M\u00fcnih&#8217;ten ayr\u0131lmas\u0131 beklenen d\u00fcnya y\u0131ld\u0131z\u0131yla ilgili haberler gelmeye devam ediyor.<\/p>\n<p> Sane, kendisini tekrar kan\u0131tlayabilece\u011fi bir ekipte forma giymek ve parlamak istiyor. Bu d\u00f6nem 19 resmi ma\u00e7ta yaln\u0131zca 915 dakika m\u00fchlet alan Alman atak\u00e7\u0131 5 gol ve 1 asistle ekibine katk\u0131 sa\u011flad\u0131.<\/p>\n<p> <strong>SANE, BARCELONA&#8217;YI \u0130ST\u0130YOR!<\/strong><\/p>\n<p> Almanya&#8217;da oyuncuyla ilgili \u00e7e\u015fitli tezler var. Bir k\u0131s\u0131m Sane&#8217;nin Barcelona&#8217;ya gitmek istedi\u011fini ve bunun i\u00e7in maa\u015f\u0131ndan fedakarl\u0131k yapaca\u011f\u0131n\u0131 yazd\u0131.<\/p>\n<p> Newcastle United da Sane ile g\u00f6r\u00fc\u015fecek. Birtak\u0131m haberlerde ise Sane&#8217;nin Bayern M\u00fcnih&#8217;te kalmak istedi\u011fi tez edildi. Bayern M\u00fcnih efsanesi Lothar Matthaus, ge\u00e7ti\u011fimiz g\u00fcnlerde Sane&#8217;nin gelece\u011fiyle ilgili \u015funlar\u0131 s\u00f6ylemi\u015fti: &#8220;Coman, Gnabry ve Sane kalmayacak. En az\u0131ndan biri katiyetle gidecek. Zira bu durumlarda yeni isimler bedellendiriliyor.&#8221;<\/p>\n<p> <strong>G.SARAY TAL\u0130H\u0130N\u0130 DENEYECEK<\/strong><\/p>\n<p> Galatasaray \u0130daresi, gelecek d\u00f6nem i\u00e7in oyuncuyla bir g\u00f6r\u00fc\u015fme ger\u00e7ekle\u015ftirecek. Maa\u015f konusunda pazarl\u0131\u011f\u0131n yap\u0131lmas\u0131 bekleniyor. Mevcut tak\u0131mdaki planlamalar da bu transferde tesirli olacak. Alman bas\u0131n\u0131nda yap\u0131lan Sane&#8217;nin ayr\u0131l\u0131k ihtimaliyle ilgili anketlerde sporseverler oyuncuyu g\u00f6ndermekten yana.\u00a0<\/p>\n<div>\u00a0<\/div>\n<\/div>\n","protected":false},"excerpt":{"rendered":"<p>D\u00f6nem sonunda Bayern M\u00fcnih&#8217;ten ayr\u0131lacak olan Sane, kendisini tekrar kan\u0131tlamak istiyor. Galatasaray&#8217;\u0131n ilgilendi\u011fi d\u00fcnya y\u0131ld\u0131z\u0131, karar\u0131n\u0131 verdi.<\/p>\n","protected":false},"author":1,"featured_media":1174,"comment_status":"open","ping_status":"open","sticky":false,"template":"","format":"standard","meta":{"footnotes":""},"categories":[25],"tags":[55],"class_list":["post-1173","post","type-post","status-publish","format-standard","has-post-thumbnail","hentry","category-futbol","tag-sane"],"_links":{"self":[{"href":"https:\/\/haberbesiktas.tr\/index.php?rest_route=\/wp\/v2\/posts\/1173","targetHints":{"allow":["GET"]}}],"collection":[{"href":"https:\/\/haberbesiktas.tr\/index.php?rest_route=\/wp\/v2\/posts"}],"about":[{"href":"https:\/\/haberbesiktas.tr\/index.php?rest_route=\/wp\/v2\/types\/post"}],"author":[{"embeddable":true,"href":"https:\/\/haberbesiktas.tr\/index.php?rest_route=\/wp\/v2\/users\/1"}],"replies":[{"embeddable":true,"href":"https:\/\/haberbesiktas.tr\/index.php?rest_route=%2Fwp%2Fv2%2Fcomments&post=1173"}],"version-history":[{"count":1,"href":"https:\/\/haberbesiktas.tr\/index.php?rest_route=\/wp\/v2\/posts\/1173\/revisions"}],"predecessor-version":[{"id":1175,"href":"https:\/\/haberbesiktas.tr\/index.php?rest_route=\/wp\/v2\/posts\/1173\/revisions\/1175"}],"wp:featuredmedia":[{"embeddable":true,"href":"https:\/\/haberbesiktas.tr\/index.php?rest_route=\/wp\/v2\/media\/1174"}],"wp:attachment":[{"href":"https:\/\/haberbesiktas.tr\/index.php?rest_route=%2Fwp%2Fv2%2Fmedia&parent=1173"}],"wp:term":[{"taxonomy":"category","embeddable":true,"href":"https:\/\/haberbesiktas.tr\/index.php?rest_route=%2Fwp%2Fv2%2Fcategories&post=1173"},{"taxonomy":"post_tag","embeddable":true,"href":"https:\/\/haberbesiktas.tr\/index.php?rest_route=%2Fwp%2Fv2%2Ftags&post=1173"}],"curies":[{"name":"wp","href":"https:\/\/api.w.org\/{rel}","templated":true}]}}