{"id":1179,"date":"2025-01-05T11:06:47","date_gmt":"2025-01-05T11:06:47","guid":{"rendered":"https:\/\/haberbesiktas.tr\/?p=1179"},"modified":"2025-01-05T11:06:47","modified_gmt":"2025-01-05T11:06:47","slug":"tottenham-yeni-kalecisini-acikladi","status":"publish","type":"post","link":"https:\/\/haberbesiktas.tr\/?p=1179","title":{"rendered":"Tottenham, yeni kalecisini a\u00e7\u0131klad\u0131!"},"content":{"rendered":"<div>\u0130ngiltere Premier Lig grubu Tottenham, \u00c7ekya&#8217;n\u0131n Slavia Prag kadrosundan gen\u00e7 kaleci Antonin Kinsky&#8217;yi tak\u0131m\u0131na katt\u0131.<\/p>\n<p> Tottenham Kul\u00fcb\u00fc, 21 ya\u015f\u0131ndaki \u00c7ek file bek\u00e7isi ile 2031 y\u0131l\u0131na kadar kontrat imzaland\u0131\u011f\u0131n\u0131 duyurdu. \u0130ngiliz grubu, gen\u00e7 kaleci i\u00e7in 16 milyon euro bonservis bedeli \u00f6deyecek.<\/p>\n<p> Dukla Prag altyap\u0131s\u0131nda yeti\u015fen Kinsky, 2021&#8217;de Slavia Prag&#8217;a imza att\u0131.<\/p>\n<p> Ge\u00e7mi\u015f y\u0131llarda \u00fclkesinin Vyskov ve Pardubice gruplar\u0131nda kiral\u0131k olarak misyon yapan gen\u00e7 kaleci, bu d\u00f6nem Slavia Prag kalesini devrald\u0131.<\/p>\n<p> Kinsky, bu d\u00f6nem Slavia Prag&#8217;da \u00e7\u0131kt\u0131\u011f\u0131 29 ma\u00e7\u0131n 14&#8217;\u00fcnde kalesini gole kapatmay\u0131 ba\u015fard\u0131.<\/p>\n<\/div>\n","protected":false},"excerpt":{"rendered":"<p>Tottenham, Slavia Prag&#8217;dan \u00c7ek kaleci Antonin Kinsky&#8217;yi transfer etti.<\/p>\n","protected":false},"author":1,"featured_media":1180,"comment_status":"open","ping_status":"open","sticky":false,"template":"","format":"standard","meta":{"footnotes":""},"categories":[25],"tags":[56],"class_list":["post-1179","post","type-post","status-publish","format-standard","has-post-thumbnail","hentry","category-futbol","tag-prag"],"_links":{"self":[{"href":"https:\/\/haberbesiktas.tr\/index.php?rest_route=\/wp\/v2\/posts\/1179","targetHints":{"allow":["GET"]}}],"collection":[{"href":"https:\/\/haberbesiktas.tr\/index.php?rest_route=\/wp\/v2\/posts"}],"about":[{"href":"https:\/\/haberbesiktas.tr\/index.php?rest_route=\/wp\/v2\/types\/post"}],"author":[{"embeddable":true,"href":"https:\/\/haberbesiktas.tr\/index.php?rest_route=\/wp\/v2\/users\/1"}],"replies":[{"embeddable":true,"href":"https:\/\/haberbesiktas.tr\/index.php?rest_route=%2Fwp%2Fv2%2Fcomments&post=1179"}],"version-history":[{"count":1,"href":"https:\/\/haberbesiktas.tr\/index.php?rest_route=\/wp\/v2\/posts\/1179\/revisions"}],"predecessor-version":[{"id":1181,"href":"https:\/\/haberbesiktas.tr\/index.php?rest_route=\/wp\/v2\/posts\/1179\/revisions\/1181"}],"wp:featuredmedia":[{"embeddable":true,"href":"https:\/\/haberbesiktas.tr\/index.php?rest_route=\/wp\/v2\/media\/1180"}],"wp:attachment":[{"href":"https:\/\/haberbesiktas.tr\/index.php?rest_route=%2Fwp%2Fv2%2Fmedia&parent=1179"}],"wp:term":[{"taxonomy":"category","embeddable":true,"href":"https:\/\/haberbesiktas.tr\/index.php?rest_route=%2Fwp%2Fv2%2Fcategories&post=1179"},{"taxonomy":"post_tag","embeddable":true,"href":"https:\/\/haberbesiktas.tr\/index.php?rest_route=%2Fwp%2Fv2%2Ftags&post=1179"}],"curies":[{"name":"wp","href":"https:\/\/api.w.org\/{rel}","templated":true}]}}