{"id":11817,"date":"2025-02-24T22:48:10","date_gmt":"2025-02-24T22:48:10","guid":{"rendered":"https:\/\/haberbesiktas.tr\/?p=11817"},"modified":"2025-02-24T22:48:10","modified_gmt":"2025-02-24T22:48:10","slug":"besiktastan-gurbetci-atagi","status":"publish","type":"post","link":"https:\/\/haberbesiktas.tr\/?p=11817","title":{"rendered":"Be\u015fikta\u015f&#8217;tan gurbet\u00e7i ata\u011f\u0131!"},"content":{"rendered":"<div>Be\u015fikta\u015f, gurbet\u00e7i ata\u011f\u0131na kalk\u0131yor&#8230;<\/p>\n<p> Siyah-Beyazl\u0131lar, 20 ya\u015f\u0131ndaki gen\u00e7 oyuncu Emirhan Demircan&#8217;\u0131n transferinde sona yakla\u015ft\u0131.<\/p>\n<p> Bayern M\u00fcnih II formas\u0131 giyen gen\u00e7 oyuncu ile g\u00f6r\u00fc\u015fmeler olumlu ilerlerken transferin k\u0131sa m\u00fcddet i\u00e7inde duyurulmas\u0131 bekleniyor.<\/p>\n<p> <strong>\u00c7OK Y\u00d6NL\u00dc<\/strong><\/p>\n<p> Ana mevkisi sol kanat olan Emirhan, forvet ve sa\u011f kanatta da vazife al\u0131yor.<\/p>\n<p> <strong>BU D\u00d6NEM NE YAPTI?<\/strong><\/p>\n<p> Emirhan Demircan bu d\u00f6nem Bayern II grubuyla 15 ma\u00e7ta 4 gol ve 5 asistlik performans sergiledi.\u00a0<\/p>\n<div>\u00a0<\/div>\n<\/div>\n","protected":false},"excerpt":{"rendered":"<p>Be\u015fikta\u015f, Bayern M\u00fcnih II formas\u0131 giyen 20 ya\u015f\u0131ndaki gen\u00e7 oyuncu Emirhan Demircan&#8217;\u0131n transferinde sona yakla\u015ft\u0131.<\/p>\n","protected":false},"author":1,"featured_media":11818,"comment_status":"open","ping_status":"open","sticky":false,"template":"","format":"standard","meta":{"footnotes":""},"categories":[25],"tags":[],"class_list":["post-11817","post","type-post","status-publish","format-standard","has-post-thumbnail","hentry","category-futbol"],"_links":{"self":[{"href":"https:\/\/haberbesiktas.tr\/index.php?rest_route=\/wp\/v2\/posts\/11817","targetHints":{"allow":["GET"]}}],"collection":[{"href":"https:\/\/haberbesiktas.tr\/index.php?rest_route=\/wp\/v2\/posts"}],"about":[{"href":"https:\/\/haberbesiktas.tr\/index.php?rest_route=\/wp\/v2\/types\/post"}],"author":[{"embeddable":true,"href":"https:\/\/haberbesiktas.tr\/index.php?rest_route=\/wp\/v2\/users\/1"}],"replies":[{"embeddable":true,"href":"https:\/\/haberbesiktas.tr\/index.php?rest_route=%2Fwp%2Fv2%2Fcomments&post=11817"}],"version-history":[{"count":1,"href":"https:\/\/haberbesiktas.tr\/index.php?rest_route=\/wp\/v2\/posts\/11817\/revisions"}],"predecessor-version":[{"id":11819,"href":"https:\/\/haberbesiktas.tr\/index.php?rest_route=\/wp\/v2\/posts\/11817\/revisions\/11819"}],"wp:featuredmedia":[{"embeddable":true,"href":"https:\/\/haberbesiktas.tr\/index.php?rest_route=\/wp\/v2\/media\/11818"}],"wp:attachment":[{"href":"https:\/\/haberbesiktas.tr\/index.php?rest_route=%2Fwp%2Fv2%2Fmedia&parent=11817"}],"wp:term":[{"taxonomy":"category","embeddable":true,"href":"https:\/\/haberbesiktas.tr\/index.php?rest_route=%2Fwp%2Fv2%2Fcategories&post=11817"},{"taxonomy":"post_tag","embeddable":true,"href":"https:\/\/haberbesiktas.tr\/index.php?rest_route=%2Fwp%2Fv2%2Ftags&post=11817"}],"curies":[{"name":"wp","href":"https:\/\/api.w.org\/{rel}","templated":true}]}}