{"id":11910,"date":"2025-02-25T06:24:07","date_gmt":"2025-02-25T06:24:07","guid":{"rendered":"https:\/\/haberbesiktas.tr\/?p=11910"},"modified":"2025-02-25T06:24:07","modified_gmt":"2025-02-25T06:24:07","slug":"sivasspora-sirp-sol-kanat-veljko-simic","status":"publish","type":"post","link":"https:\/\/haberbesiktas.tr\/?p=11910","title":{"rendered":"Sivasspor&#8217;a S\u0131rp sol kanat: Veljko Simic"},"content":{"rendered":"<div>S\u00fcper Lig&#8217;de \u00fcst s\u0131ralar\u0131 hedefleyen Sivasspor, kanat futbolcusu aray\u0131\u015f\u0131nda rotas\u0131n\u0131 G\u00fcney K\u0131br\u0131s&#8217;a \u00e7evirdi. <\/p>\n<p> Sivas grubu, G\u00fcney K\u0131br\u0131s&#8217;ta Omonia formas\u0131 giyen S\u0131rp sol kanat Veljko Simic&#8217;le imza basama\u011f\u0131na geldi. <\/p>\n<p> Yi\u011fidolar&#8217;la yapt\u0131\u011f\u0131 g\u00f6r\u00fc\u015fmelerde b\u00fcy\u00fck oranda mutabakat sa\u011flayan 29 ya\u015f\u0131ndaki oyuncu, grubunun kupa ma\u00e7\u0131nda tak\u0131ma al\u0131nmad\u0131. Simic, bu d\u00f6nem forma giydi\u011fi 30 m\u00fcsabakada 2 gol, 7 asist katk\u0131s\u0131 sa\u011flad\u0131. Mukavelesi 2025&#8217;te bitecek olan deneyimli kanat oyuncusunun 1 y\u0131l da uzatma opsiyonu bulunuyor.<\/p>\n<p> <strong>KIZILYILDIZ&#8217;DA \u015eAMP\u0130YON OLDU<\/strong><\/p>\n<p>S\u0131rbistan&#8217;\u0131n K\u0131z\u0131ly\u0131ld\u0131z grubunun alt yap\u0131s\u0131ndan yeti\u015fen Veljko Simic, \u0130svi\u00e7re&#8217;de Basel, Chiasso, Winterthur ve Schaffhausen \u00fczere ekiplerde ter d\u00f6kt\u00fc. S\u0131rbistan&#8217;\u0131n t\u00fcm alt ya\u015f ulusal kadrolar\u0131nda uzunluk g\u00f6steren S\u0131rp y\u0131ld\u0131z, S\u0131rbistan Ulusal Grubu&#8217;nda da 1 sefer forma baht\u0131 buldu ve 1 gol atma muvaffakiyetini g\u00f6sterdi. Simic, sol kanad\u0131n yan\u0131 s\u0131ra sa\u011f kanat, orta saha sa\u011f ve sol ile 10 numara konumlar\u0131nda da oynayabiliyor. K\u0131z\u0131ly\u0131ld\u0131z&#8217;la 2018-2019, 2019-2020 ve 2020-2021 sezonlar\u0131nda lig \u015fampiyonlu\u011fu da ya\u015fad\u0131.<\/p>\n<\/div>\n","protected":false},"excerpt":{"rendered":"<p>S\u00fcper Lig&#8217;de \u00fcst s\u0131ralar\u0131 hedefleyen Sivasspor, Omonia&#8217;dan 29 ya\u015f\u0131ndaki S\u0131rp ulusal sol a\u00e7\u0131k Veljko Simic&#8217;le el s\u0131k\u0131\u015ft\u0131. Deneyimli y\u0131ld\u0131z, ekibinin evvelki g\u00fcnk\u00fc kupa ma\u00e7\u0131nda tak\u0131mda yoktu.<\/p>\n","protected":false},"author":1,"featured_media":11911,"comment_status":"open","ping_status":"open","sticky":false,"template":"","format":"standard","meta":{"footnotes":""},"categories":[25],"tags":[],"class_list":["post-11910","post","type-post","status-publish","format-standard","has-post-thumbnail","hentry","category-futbol"],"_links":{"self":[{"href":"https:\/\/haberbesiktas.tr\/index.php?rest_route=\/wp\/v2\/posts\/11910","targetHints":{"allow":["GET"]}}],"collection":[{"href":"https:\/\/haberbesiktas.tr\/index.php?rest_route=\/wp\/v2\/posts"}],"about":[{"href":"https:\/\/haberbesiktas.tr\/index.php?rest_route=\/wp\/v2\/types\/post"}],"author":[{"embeddable":true,"href":"https:\/\/haberbesiktas.tr\/index.php?rest_route=\/wp\/v2\/users\/1"}],"replies":[{"embeddable":true,"href":"https:\/\/haberbesiktas.tr\/index.php?rest_route=%2Fwp%2Fv2%2Fcomments&post=11910"}],"version-history":[{"count":1,"href":"https:\/\/haberbesiktas.tr\/index.php?rest_route=\/wp\/v2\/posts\/11910\/revisions"}],"predecessor-version":[{"id":11912,"href":"https:\/\/haberbesiktas.tr\/index.php?rest_route=\/wp\/v2\/posts\/11910\/revisions\/11912"}],"wp:featuredmedia":[{"embeddable":true,"href":"https:\/\/haberbesiktas.tr\/index.php?rest_route=\/wp\/v2\/media\/11911"}],"wp:attachment":[{"href":"https:\/\/haberbesiktas.tr\/index.php?rest_route=%2Fwp%2Fv2%2Fmedia&parent=11910"}],"wp:term":[{"taxonomy":"category","embeddable":true,"href":"https:\/\/haberbesiktas.tr\/index.php?rest_route=%2Fwp%2Fv2%2Fcategories&post=11910"},{"taxonomy":"post_tag","embeddable":true,"href":"https:\/\/haberbesiktas.tr\/index.php?rest_route=%2Fwp%2Fv2%2Ftags&post=11910"}],"curies":[{"name":"wp","href":"https:\/\/api.w.org\/{rel}","templated":true}]}}