{"id":11913,"date":"2025-02-25T06:48:05","date_gmt":"2025-02-25T06:48:05","guid":{"rendered":"https:\/\/haberbesiktas.tr\/?p=11913"},"modified":"2025-02-25T06:48:05","modified_gmt":"2025-02-25T06:48:05","slug":"sivasspor-3-eksikle-eyup-deplasmaninda","status":"publish","type":"post","link":"https:\/\/haberbesiktas.tr\/?p=11913","title":{"rendered":"Sivasspor 3 eksikle Ey\u00fcp deplasman\u0131nda"},"content":{"rendered":"<div>Net K\u00fcresel Sivasspor, Trendyol Harika Lig&#8217;in 22. haftas\u0131nda 31 Ocak Cuma g\u00fcn\u00fc deplasmanda ikas Ey\u00fcpspor ile kar\u015f\u0131la\u015facak.<\/p>\n<p> Recep Tayyip Erdo\u011fan Stadyumu&#8217;nda saat 20.00&#8217;de ba\u015flayacak m\u00fcsabakay\u0131, hakem Atilla Karao\u011flan y\u00f6netecek.<\/p>\n<p> M\u00fcsabakan\u0131n haz\u0131rl\u0131klar\u0131n\u0131 bug\u00fcn yapaca\u011f\u0131 idmanla tamamlayacak k\u0131rm\u0131z\u0131-beyazl\u0131 grup, \u0130stanbul&#8217;a giderek kampa girecek.<\/p>\n<p> Sivasspor&#8217;da, Ey\u00fcpspor ma\u00e7\u0131 \u00f6ncesinde Garry Rodrigues, Alaaddin Okumu\u015f ve Samba Camara&#8217;n\u0131n sakatl\u0131klar\u0131 bulunuyor.<\/p>\n<p> Sivas temsilcisi, ligin geride kalan k\u0131sm\u0131nda 6 galibiyet, 5 beraberlik ve 9 yenilgiyle 23 puan toplad\u0131.<\/p>\n<\/div>\n","protected":false},"excerpt":{"rendered":"<p>Net K\u00fcresel Sivasspor, Trendyol \u00dcst\u00fcn Lig&#8217;in 22. haftas\u0131nda 31 Ocak Cuma g\u00fcn\u00fc ikas Ey\u00fcpspor&#8217;a konuk olacak.<\/p>\n","protected":false},"author":1,"featured_media":11914,"comment_status":"open","ping_status":"open","sticky":false,"template":"","format":"standard","meta":{"footnotes":""},"categories":[25],"tags":[],"class_list":["post-11913","post","type-post","status-publish","format-standard","has-post-thumbnail","hentry","category-futbol"],"_links":{"self":[{"href":"https:\/\/haberbesiktas.tr\/index.php?rest_route=\/wp\/v2\/posts\/11913","targetHints":{"allow":["GET"]}}],"collection":[{"href":"https:\/\/haberbesiktas.tr\/index.php?rest_route=\/wp\/v2\/posts"}],"about":[{"href":"https:\/\/haberbesiktas.tr\/index.php?rest_route=\/wp\/v2\/types\/post"}],"author":[{"embeddable":true,"href":"https:\/\/haberbesiktas.tr\/index.php?rest_route=\/wp\/v2\/users\/1"}],"replies":[{"embeddable":true,"href":"https:\/\/haberbesiktas.tr\/index.php?rest_route=%2Fwp%2Fv2%2Fcomments&post=11913"}],"version-history":[{"count":1,"href":"https:\/\/haberbesiktas.tr\/index.php?rest_route=\/wp\/v2\/posts\/11913\/revisions"}],"predecessor-version":[{"id":11915,"href":"https:\/\/haberbesiktas.tr\/index.php?rest_route=\/wp\/v2\/posts\/11913\/revisions\/11915"}],"wp:featuredmedia":[{"embeddable":true,"href":"https:\/\/haberbesiktas.tr\/index.php?rest_route=\/wp\/v2\/media\/11914"}],"wp:attachment":[{"href":"https:\/\/haberbesiktas.tr\/index.php?rest_route=%2Fwp%2Fv2%2Fmedia&parent=11913"}],"wp:term":[{"taxonomy":"category","embeddable":true,"href":"https:\/\/haberbesiktas.tr\/index.php?rest_route=%2Fwp%2Fv2%2Fcategories&post=11913"},{"taxonomy":"post_tag","embeddable":true,"href":"https:\/\/haberbesiktas.tr\/index.php?rest_route=%2Fwp%2Fv2%2Ftags&post=11913"}],"curies":[{"name":"wp","href":"https:\/\/api.w.org\/{rel}","templated":true}]}}