{"id":11928,"date":"2025-02-25T08:00:11","date_gmt":"2025-02-25T08:00:11","guid":{"rendered":"https:\/\/haberbesiktas.tr\/?p=11928"},"modified":"2025-02-25T08:00:11","modified_gmt":"2025-02-25T08:00:11","slug":"ibrahim-haciosmanogluna-agabeyinden-destek","status":"publish","type":"post","link":"https:\/\/haberbesiktas.tr\/?p=11928","title":{"rendered":"\u0130brahim Hac\u0131osmano\u011flu&#8217;na a\u011fabeyinden destek"},"content":{"rendered":"<div>TFF Ba\u015fkan\u0131 \u0130brahim Ethem Hac\u0131osmano\u011flu&#8217;nun a\u011fabeyi \u00d6mer L\u00fctf\u00fc Hac\u0131osmano\u011flu futbola dair a\u00e7\u0131klamalar yapt\u0131.<\/p>\n<p> DHA&#8217;n\u0131n sorular\u0131n\u0131 yan\u0131tlayan Hac\u0131osmano\u011flu, Alman ve T\u00fcrk futbolu hakk\u0131nda kimi tespitlerde bulundu.<\/p>\n<p> Eski bir sportmen olan ve Almanya&#8217;da profesyonel hentbol oynad\u0131ktan sonra hakemlik de yapan \u00d6mer L\u00fctf\u00fc Hac\u0131osmano\u011flu 2000 y\u0131l\u0131nda futbol i\u00e7in yapt\u0131\u011f\u0131 ara\u015ft\u0131rmadan bahsederek; &#8220;O vakitler Almanya genelinde yakla\u015f\u0131k 2000 tane T\u00fcrk \u00e7ocu\u011fu Alman ulusal ekip kamplar\u0131na se\u00e7ilmi\u015f. Bu \u00e7ocuklar 6 ile 14 ya\u015f ortas\u0131ndayd\u0131. O periyotlarda U19 \u015fampiyonas\u0131nda Almanya ekibinin 9 tane T\u00fcrk oyuncusu vard\u0131. Bu gen\u00e7lerin ba\u015far\u0131l\u0131 olmas\u0131n\u0131n sebebi her 500 metrede bir tesis olmas\u0131. 4 ya\u015f\u0131ndan itibaren salonda futbol \u00f6\u011fretmeye ba\u015fl\u0131yorlar. Salon sporlar\u0131nda sportmenlerin idman seviyesi daha \u00fcst d\u00fczeyde oluyor. Orada yeti\u015ftiriliyorlar. G\u00fcnde \u00e7ift antrenman yapt\u0131r\u0131yorlar. Bunlar da \u00e7ocuklar\u0131n 18 ya\u015f\u0131ndan sonra daha ba\u015far\u0131l\u0131 olmas\u0131na sebep oluyor. T\u00fcrkiye&#8217;de maalesef tesislerin yetersizli\u011fi ve idman say\u0131s\u0131ndaki yetersizlik olumsuz etkiliyor. Bazen haftada 3 idmanla \u00e7ocuklar yeti\u015fiyor. Bu yetersiz. Bu i\u015fe yani alt yap\u0131yan de\u011fer veren T\u00fcrkiye&#8217;de Be\u015fikta\u015f, Trabzonspor ve Bursaspor var. \u00d6b\u00fcrleri haftada 2-3 idmanla A ekibe \u00e7\u0131k\u0131yorlar. Bunun sonucunda gere\u011fince verimli olam\u0131yor&#8221; dedi.<\/p>\n<p> G\u00fcn\u00fcm\u00fczde ise Almanya&#8217;da ya\u015fayan 3 milyona yak\u0131n T\u00fcrk ortas\u0131nda 283 bin lisansl\u0131 T\u00fcrk futbolcu bulunuyor. Almanya&#8217;daki t\u00fcm \u00fclkelerden futbolcu ya da futbolcu adaylar\u0131n\u0131n say\u0131s\u0131 1 milyon gence yakla\u015f\u0131yor. Tesis imkanlar\u0131n\u0131n, idman ortamlar\u0131n\u0131n ve ba\u015flar\u0131nda i\u015fi bilen e\u011fitmenlerin oldu\u011funa dikkat \u00e7eken Hac\u0131osmano\u011flu; &#8220;Avrupa k\u00f6keninde \u00e7ocuklar temelden \u00e7ok g\u00fczel yeti\u015ftiriliyor. A ekip d\u00fczeyine yakla\u015ft\u0131klar\u0131nda ise se\u00e7im yap\u0131yorlar. Maddi ve \u015f\u00f6hret a\u00e7\u0131s\u0131ndan yabanc\u0131 \u00fclkeleri tercih edebiliyorlar. Karakterleri farkl\u0131 herkesin niyeti farkl\u0131. T\u00fcrk \u00e7ocuklar\u0131ndan kimisi &#8216;Ay y\u0131ld\u0131zl\u0131 formadan \u00f6teki forma giymem&#8217; diyor, kimisi de gelece\u011fine bak\u0131yor&#8221; formunda konu\u015ftu.<\/p>\n<p><img decoding=\"async\" src=\"https:\/\/haberbesiktas.tr\/wp-content\/uploads\/2025\/02\/ibrahim-haciosmanogluna-agabeyinden-destek-0-amesXruh.jpg\"\/><\/p>\n<p> <strong>&#8216;KUL\u00dcPLER\u0130N MADD\u0130 ZAHMETLER\u0130 1&#8217;E 3 ORANINDA Y\u00dcKSELD\u0130&#8217;<\/strong><\/p>\n<p> T\u00fcrk futbolunu da yak\u0131ndan takip etti\u011fini belirten Hac\u0131osmano\u011flu, ekiplerin gelir sorunu ya\u015fad\u0131\u011f\u0131n\u0131 lisana getirdi. \u00d6mer L\u00fctf\u00fc Hac\u0131osmano\u011flu \u015funlar\u0131 s\u00f6yledi:<\/p>\n<p> &#8220;Herkesin g\u00f6rd\u00fc\u011f\u00fc \u00fczere kul\u00fcplerin maddi sorunlar\u0131 1&#8217;e 3 oran\u0131nda y\u00fckseldi. \u0130brahim Ethem bir \u015feyler yapmaya \u00e7al\u0131\u015f\u0131yor. Bu i\u015f kolay de\u011fil lakin \u00fcstesinden gelebilece\u011fini d\u00fc\u015f\u00fcn\u00fcyorum. G\u00fc\u00e7l\u00fc bir karaktere sahip. T\u00fcrkiye&#8217;de bir \u015feyler yapabilmek i\u00e7in evvel alan\u0131 temizlemeniz gerekiyor. Alan temizlendikten sonra \u00e7ok ba\u015far\u0131l\u0131 olaca\u011f\u0131na inan\u0131yorum. Liderin bu i\u015flerin \u00fcstesinden gelip, T\u00fcrk futbolunu istedi\u011fi k\u0131vama getirece\u011fine inan\u0131yorum. Pes etmez, karakterinde o denli bir \u015fey yok. Sonuna kadar kesinlikle elinden ne geliyorsa getirece\u011finden eminim.&#8221;<\/p>\n<p> <strong>&#8216;4 B\u00dcY\u00dcKLER\u0130N DI\u015eINDAK\u0130 KADROLARIN NE YAPTI\u011eINA PEK BAKILMIYOR&#8217;<\/strong><\/p>\n<p> T\u00fcrk futbolunda 4 b\u00fcy\u00fckler d\u0131\u015f\u0131ndaki kadrolar\u0131n ne yapt\u0131klar\u0131na bak\u0131lmad\u0131\u011f\u0131n\u0131, yapt\u0131klar\u0131 \u00e2l\u00e2 bir transferin bile g\u00fcndem olmad\u0131\u011f\u0131n\u0131 lakin b\u00fcy\u00fck gruplar\u0131n saatlerce konu\u015fuldu\u011funu da tabir eden Hac\u0131osmano\u011flu<\/p>\n<p> &#8220;T\u00fcrkiye&#8217;de Fenerbah\u00e7e, Galatasaray, Be\u015fikta\u015f, biraz Trabzonspor&#8230; \u00d6b\u00fcr kadrolara hi\u00e7 bak\u0131lm\u0131yor. Rastgele bir oyuncu b\u00fcy\u00fck kadrolar taraf\u0131ndan transfer edilince kanallarda saatlerce ondan bahsediliyor. Bizdeki problemlerden biri bu. \u00d6teki kadrolar\u0131n icraatlar\u0131na bak\u0131lm\u0131yor&#8221; diyerek kelamlar\u0131n\u0131 noktalad\u0131.<\/p>\n<\/div>\n","protected":false},"excerpt":{"rendered":"<p>TFF Ba\u015fkan\u0131 \u0130brahim Hac\u0131osmano\u011flu&#8217;nun a\u011fabeyi \u00d6mer L\u00fctf\u00fc Hac\u0131osmano\u011flu, &#8220;\u0130brahim Ethem Hac\u0131osmano\u011flu&#8217;nun T\u00fcrk futbolunu istedi\u011fi k\u0131vama getirece\u011fine inan\u0131yorum&#8221; halinde konu\u015ftu.<\/p>\n","protected":false},"author":1,"featured_media":11929,"comment_status":"open","ping_status":"open","sticky":false,"template":"","format":"standard","meta":{"footnotes":""},"categories":[25],"tags":[1312,172,774,52,89],"class_list":["post-11928","post","type-post","status-publish","format-standard","has-post-thumbnail","hentry","category-futbol","tag-alman","tag-futbol","tag-haciosmanoglu","tag-takim","tag-turk"],"_links":{"self":[{"href":"https:\/\/haberbesiktas.tr\/index.php?rest_route=\/wp\/v2\/posts\/11928","targetHints":{"allow":["GET"]}}],"collection":[{"href":"https:\/\/haberbesiktas.tr\/index.php?rest_route=\/wp\/v2\/posts"}],"about":[{"href":"https:\/\/haberbesiktas.tr\/index.php?rest_route=\/wp\/v2\/types\/post"}],"author":[{"embeddable":true,"href":"https:\/\/haberbesiktas.tr\/index.php?rest_route=\/wp\/v2\/users\/1"}],"replies":[{"embeddable":true,"href":"https:\/\/haberbesiktas.tr\/index.php?rest_route=%2Fwp%2Fv2%2Fcomments&post=11928"}],"version-history":[{"count":1,"href":"https:\/\/haberbesiktas.tr\/index.php?rest_route=\/wp\/v2\/posts\/11928\/revisions"}],"predecessor-version":[{"id":11931,"href":"https:\/\/haberbesiktas.tr\/index.php?rest_route=\/wp\/v2\/posts\/11928\/revisions\/11931"}],"wp:featuredmedia":[{"embeddable":true,"href":"https:\/\/haberbesiktas.tr\/index.php?rest_route=\/wp\/v2\/media\/11929"}],"wp:attachment":[{"href":"https:\/\/haberbesiktas.tr\/index.php?rest_route=%2Fwp%2Fv2%2Fmedia&parent=11928"}],"wp:term":[{"taxonomy":"category","embeddable":true,"href":"https:\/\/haberbesiktas.tr\/index.php?rest_route=%2Fwp%2Fv2%2Fcategories&post=11928"},{"taxonomy":"post_tag","embeddable":true,"href":"https:\/\/haberbesiktas.tr\/index.php?rest_route=%2Fwp%2Fv2%2Ftags&post=11928"}],"curies":[{"name":"wp","href":"https:\/\/api.w.org\/{rel}","templated":true}]}}