{"id":12061,"date":"2025-02-25T20:24:04","date_gmt":"2025-02-25T20:24:04","guid":{"rendered":"https:\/\/haberbesiktas.tr\/?p=12061"},"modified":"2025-02-25T20:24:04","modified_gmt":"2025-02-25T20:24:04","slug":"ruben-amorim-bu-rashford-degismek-zorunda","status":"publish","type":"post","link":"https:\/\/haberbesiktas.tr\/?p=12061","title":{"rendered":"Ruben Amorim: &#8220;Bu Rashford de\u011fi\u015fmek zorunda&#8221;"},"content":{"rendered":"<p>Manchester United teknik y\u00f6neticisi Ruben Amorim, Marcus Rashford&#8217;\u0131 bir kere daha a\u00e7\u0131k\u00e7a ele\u015ftirerek, forvet oyuncusunun tavr\u0131n\u0131 de\u011fi\u015ftirmedi\u011fi s\u00fcrece tak\u0131ma geri d\u00f6nmeyece\u011fini net bir bi\u00e7imde belirtti.\u00a0\u00a0 12 Aral\u0131k&#8217;ta Viktoria Plzen kar\u015f\u0131s\u0131nda al\u0131nan 2-1&#8217;lik Avrupa Ligi galibiyetinden bu yana \u00fcst \u00fcste 11 ma\u00e7t\u0131r tak\u0131m d\u0131\u015f\u0131 b\u0131rak\u0131lan Rashford, tak\u0131ma al\u0131nmamaya devam ediyor.<\/p>\n<p> Romanya tak\u0131m\u0131 FCSB ile oynanacak Avrupa Ligi ma\u00e7\u0131 \u00f6ncesinde konu\u015fan Amorim, 27 ya\u015f\u0131ndaki oyuncuya sert bir bildiri verdi.<\/p>\n<p> <strong>&#8220;BU RASHFORD DE\u011eI\u015eMEK ZORUNDA&#8221;<\/strong><\/p>\n<p> Amorim, Rashford&#8217;\u0131n neden d\u0131\u015far\u0131da tutuldu\u011funa dair konu\u015furken kelam\u0131n\u0131 sak\u0131nmayarak, kadronun onun kalibresinde bir oyuncuya muhta\u00e7l\u0131k duydu\u011funu lakin mevcut haliyle k\u00e2fi olmad\u0131\u011f\u0131n\u0131 vurgulad\u0131.<\/p>\n<p> Portekizli teknik adam, &#8220;Tak\u0131m\u0131m\u0131za bakabilirsiniz ve oyuncu profillerini hayal edebilirsiniz. Art\u0131k Rashford \u00fczere bir yetene\u011fi hayal edin: Grubumuz Rashford ile \u00e7ok daha yeterli olmal\u0131. Ancak bu Rashford de\u011fi\u015fmek zorunda.&#8221;<\/p>\n<p> Rashford&#8217;\u0131n tak\u0131mdaki yerini geri kazanmak i\u00e7in \u00e7aba etme dile\u011fine de\u011finen Amorim, &#8220;E\u011fer de\u011fi\u015firse, Rashford \u00fczere bir yetene\u011fi memnuniyetle tak\u0131ma al\u0131r\u0131z. Ve buna gereksinimimiz var lakin \u015fu anda, birtak\u0131m standartlar belirlemek zorunda oldu\u011fumuz \u00e7ok a\u00e7\u0131k. Sahiden oynamak istiyorsa Marcus&#8217;u bekliyorum.&#8221;<\/p>\n<p> <strong>&#8220;RASHFORD&#8217;A \u015eAHS\u00ce B\u0130R GAREZ\u0130M YOK&#8221;<\/strong><\/p>\n<p> Sert s\u00f6zlerine kar\u015f\u0131n Amorim, problemin ferd\u00ee olmad\u0131\u011f\u0131n\u0131, bunun yerine ekip genelinde standartlar\u0131 korumak zorunda oldu\u011funu yineledi.<\/p>\n<p> Amorim, &#8220;Bu, yaln\u0131zca bir kural problemi. Sizler bunu ferd\u00ee bir \u015fey \u00fczere g\u00f6stermeye \u00e7al\u0131\u015f\u0131yorsunuz, Marcus&#8217;a kar\u015f\u0131 hi\u00e7bir ferd\u00ee s\u0131k\u0131nt\u0131m yok.&#8221; dedi.<\/p>\n<p> <strong>BARCELONA \u0130LG\u0130S\u0130 B\u00dcY\u00dcYOR<\/strong><\/p>\n<p> Rashford&#8217;\u0131n tak\u0131m d\u0131\u015f\u0131 kalmas\u0131, Old Trafford&#8217;daki gelece\u011fi hakk\u0131nda a\u011f\u0131r spek\u00fclasyonlara yol a\u00e7t\u0131. Ge\u00e7en hafta, temsilcilerinin Ocak transfer devrinin bitiminden evvel Barcelona ile potansiyel bir yaz transferi i\u00e7in y\u00fcz y\u00fcze g\u00f6r\u00fc\u015fmeler yapt\u0131\u011f\u0131 bildirildi.<\/p>\n","protected":false},"excerpt":{"rendered":"<p>Manchester United teknik y\u00f6neticisi Ruben Amorim, oyuncusu Marcus Rashford hakk\u0131nda a\u00e7\u0131klamalarda bulundu.<\/p>\n","protected":false},"author":1,"featured_media":12062,"comment_status":"open","ping_status":"open","sticky":false,"template":"","format":"standard","meta":{"footnotes":""},"categories":[25],"tags":[1325,1293,1260],"class_list":["post-12061","post","type-post","status-publish","format-standard","has-post-thumbnail","hentry","category-futbol","tag-amorim","tag-kadro","tag-rashford"],"_links":{"self":[{"href":"https:\/\/haberbesiktas.tr\/index.php?rest_route=\/wp\/v2\/posts\/12061","targetHints":{"allow":["GET"]}}],"collection":[{"href":"https:\/\/haberbesiktas.tr\/index.php?rest_route=\/wp\/v2\/posts"}],"about":[{"href":"https:\/\/haberbesiktas.tr\/index.php?rest_route=\/wp\/v2\/types\/post"}],"author":[{"embeddable":true,"href":"https:\/\/haberbesiktas.tr\/index.php?rest_route=\/wp\/v2\/users\/1"}],"replies":[{"embeddable":true,"href":"https:\/\/haberbesiktas.tr\/index.php?rest_route=%2Fwp%2Fv2%2Fcomments&post=12061"}],"version-history":[{"count":1,"href":"https:\/\/haberbesiktas.tr\/index.php?rest_route=\/wp\/v2\/posts\/12061\/revisions"}],"predecessor-version":[{"id":12063,"href":"https:\/\/haberbesiktas.tr\/index.php?rest_route=\/wp\/v2\/posts\/12061\/revisions\/12063"}],"wp:featuredmedia":[{"embeddable":true,"href":"https:\/\/haberbesiktas.tr\/index.php?rest_route=\/wp\/v2\/media\/12062"}],"wp:attachment":[{"href":"https:\/\/haberbesiktas.tr\/index.php?rest_route=%2Fwp%2Fv2%2Fmedia&parent=12061"}],"wp:term":[{"taxonomy":"category","embeddable":true,"href":"https:\/\/haberbesiktas.tr\/index.php?rest_route=%2Fwp%2Fv2%2Fcategories&post=12061"},{"taxonomy":"post_tag","embeddable":true,"href":"https:\/\/haberbesiktas.tr\/index.php?rest_route=%2Fwp%2Fv2%2Ftags&post=12061"}],"curies":[{"name":"wp","href":"https:\/\/api.w.org\/{rel}","templated":true}]}}