{"id":12067,"date":"2025-02-25T20:48:10","date_gmt":"2025-02-25T20:48:10","guid":{"rendered":"https:\/\/haberbesiktas.tr\/?p=12067"},"modified":"2025-02-25T20:48:10","modified_gmt":"2025-02-25T20:48:10","slug":"aston-villa-60mluk-teklifi-reddedecek","status":"publish","type":"post","link":"https:\/\/haberbesiktas.tr\/?p=12067","title":{"rendered":"Aston Villa, 60M\u00a3&#8217;luk teklifi reddedecek!"},"content":{"rendered":"<div>Ara transfer periyodunun bitimine g\u00fcnler kala Avrupa&#8217;da transfer hareketlili\u011fi h\u0131zla s\u00fcr\u00fcyor.\u00a0<\/p>\n<p>Premier Lig tak\u0131mlar\u0131ndan Aston Villa, Arsenal&#8217;in Ollie Watkins i\u00e7in yapt\u0131\u011f\u0131 yeni teklifi reddetme iste\u011finde.<\/p>\n<p>Aston Villa Teknik Y\u00f6neticisi Unai Emery, Watkins&#8217;in grupta kalmas\u0131n\u0131 istiyor ve Villa idaresi,\u00a060M Pound&#8217;luk (72M\u20ac) birinci teklifin \u00f6l\u00e7\u00fcs\u00fcn\u00fc ve zamanlamas\u0131n\u0131 be\u011fenmedi. Bu sebeple, teklif artmad\u0131\u011f\u0131 s\u00fcrece Watkins&#8217;in ekipte kalma ihtimaline kesin g\u00f6z\u00fcyle bak\u0131l\u0131yor.\u00a0<\/p>\n<p><strong>G\u00d6ZLER DURAN&#8217;DA\u00a0<\/strong><\/p>\n<p>Aston Villa, \u015fu anda Jhon Duran&#8217;\u0131n Al Nassr&#8217;a 77M\u20ac bedelle transferini bekliyor.<\/p><\/div>\n","protected":false},"excerpt":{"rendered":"<p>\u0130ngiltere Premier Lig gruplar\u0131ndan Aston Villa, Arsenal&#8217;in Ollie Watkins i\u00e7in yapt\u0131\u011f\u0131 teklifi reddetme karar\u0131 ald\u0131.<\/p>\n","protected":false},"author":1,"featured_media":12068,"comment_status":"open","ping_status":"open","sticky":false,"template":"","format":"standard","meta":{"footnotes":""},"categories":[25],"tags":[],"class_list":["post-12067","post","type-post","status-publish","format-standard","has-post-thumbnail","hentry","category-futbol"],"_links":{"self":[{"href":"https:\/\/haberbesiktas.tr\/index.php?rest_route=\/wp\/v2\/posts\/12067","targetHints":{"allow":["GET"]}}],"collection":[{"href":"https:\/\/haberbesiktas.tr\/index.php?rest_route=\/wp\/v2\/posts"}],"about":[{"href":"https:\/\/haberbesiktas.tr\/index.php?rest_route=\/wp\/v2\/types\/post"}],"author":[{"embeddable":true,"href":"https:\/\/haberbesiktas.tr\/index.php?rest_route=\/wp\/v2\/users\/1"}],"replies":[{"embeddable":true,"href":"https:\/\/haberbesiktas.tr\/index.php?rest_route=%2Fwp%2Fv2%2Fcomments&post=12067"}],"version-history":[{"count":1,"href":"https:\/\/haberbesiktas.tr\/index.php?rest_route=\/wp\/v2\/posts\/12067\/revisions"}],"predecessor-version":[{"id":12069,"href":"https:\/\/haberbesiktas.tr\/index.php?rest_route=\/wp\/v2\/posts\/12067\/revisions\/12069"}],"wp:featuredmedia":[{"embeddable":true,"href":"https:\/\/haberbesiktas.tr\/index.php?rest_route=\/wp\/v2\/media\/12068"}],"wp:attachment":[{"href":"https:\/\/haberbesiktas.tr\/index.php?rest_route=%2Fwp%2Fv2%2Fmedia&parent=12067"}],"wp:term":[{"taxonomy":"category","embeddable":true,"href":"https:\/\/haberbesiktas.tr\/index.php?rest_route=%2Fwp%2Fv2%2Fcategories&post=12067"},{"taxonomy":"post_tag","embeddable":true,"href":"https:\/\/haberbesiktas.tr\/index.php?rest_route=%2Fwp%2Fv2%2Ftags&post=12067"}],"curies":[{"name":"wp","href":"https:\/\/api.w.org\/{rel}","templated":true}]}}