{"id":12073,"date":"2025-02-25T21:12:12","date_gmt":"2025-02-25T21:12:12","guid":{"rendered":"https:\/\/haberbesiktas.tr\/?p=12073"},"modified":"2025-02-25T21:12:12","modified_gmt":"2025-02-25T21:12:12","slug":"basketbolda-osman-solakoglu-odulu-sahibini-buldu","status":"publish","type":"post","link":"https:\/\/haberbesiktas.tr\/?p=12073","title":{"rendered":"Basketbolda Osman Solako\u011flu \u00f6d\u00fcl\u00fc sahibini buldu"},"content":{"rendered":"<div>\n<p>T\u00fcrkiye Basketbol Federasyonunun (TBF) eski liderlerinden Osman Solako\u011flu&#8217;nun an\u0131s\u0131n\u0131 ya\u015fatmak maksad\u0131yla TBF ve Solako\u011flu ailesi taraf\u0131ndan d\u00fczenlenen &#8216;Osman Solako\u011flu Basketbolla Topluma Hizmet \u00d6d\u00fcl\u00fc&#8217;n\u00fcn sahibi, T\u00fcrkiye Basketbol Antren\u00f6rleri Derne\u011fi (T\u00dcBAD) Ba\u015fkan\u0131 Necati G\u00fcler oldu.<\/p>\n<p> Osman Solako\u011flu, vefat\u0131n\u0131n 20. y\u0131l\u0131nda 2 \u015eubat Pazar g\u00fcn\u00fc saat 11.00&#8217;de Ferik\u00f6y Mezarl\u0131\u011f\u0131&#8217;ndaki kabri ba\u015f\u0131nda an\u0131lacak.<\/p>\n<p> M\u00fckafat\u0131 kazanan Necati G\u00fcler de t\u0131pk\u0131 g\u00fcn saat 20.30&#8217;da Basketbol Geli\u015fim Merkezi&#8217;nde oynanacak Anadolu Efes-Bursaspor Y\u00f6rsan ma\u00e7\u0131nda d\u00fczenlenecek merasimde bir \u015filt ve para m\u00fckafat\u0131 ile onurland\u0131r\u0131lacak.\u00a0<\/p>\n<p> G\u00fcler&#8217;e m\u00fckafat\u0131n\u0131 TBF Lider Vekili Harun Erdenay ile merhum Solako\u011flu&#8217;nun o\u011flu Kemal Solako\u011flu verecek. Solako\u011flu ailesi de merasimde haz\u0131r bulunacak.<\/p>\n<\/div>\n","protected":false},"excerpt":{"rendered":"<p>Osman Solako\u011flu Basketbolla Topluma Hizmet \u00d6d\u00fcl\u00fc&#8217;n\u00fcn sahibi Necati G\u00fcler oldu.<\/p>\n","protected":false},"author":1,"featured_media":12074,"comment_status":"open","ping_status":"open","sticky":false,"template":"","format":"standard","meta":{"footnotes":""},"categories":[10],"tags":[1326],"class_list":["post-12073","post","type-post","status-publish","format-standard","has-post-thumbnail","hentry","category-basketbol","tag-solakoglu"],"_links":{"self":[{"href":"https:\/\/haberbesiktas.tr\/index.php?rest_route=\/wp\/v2\/posts\/12073","targetHints":{"allow":["GET"]}}],"collection":[{"href":"https:\/\/haberbesiktas.tr\/index.php?rest_route=\/wp\/v2\/posts"}],"about":[{"href":"https:\/\/haberbesiktas.tr\/index.php?rest_route=\/wp\/v2\/types\/post"}],"author":[{"embeddable":true,"href":"https:\/\/haberbesiktas.tr\/index.php?rest_route=\/wp\/v2\/users\/1"}],"replies":[{"embeddable":true,"href":"https:\/\/haberbesiktas.tr\/index.php?rest_route=%2Fwp%2Fv2%2Fcomments&post=12073"}],"version-history":[{"count":1,"href":"https:\/\/haberbesiktas.tr\/index.php?rest_route=\/wp\/v2\/posts\/12073\/revisions"}],"predecessor-version":[{"id":12075,"href":"https:\/\/haberbesiktas.tr\/index.php?rest_route=\/wp\/v2\/posts\/12073\/revisions\/12075"}],"wp:featuredmedia":[{"embeddable":true,"href":"https:\/\/haberbesiktas.tr\/index.php?rest_route=\/wp\/v2\/media\/12074"}],"wp:attachment":[{"href":"https:\/\/haberbesiktas.tr\/index.php?rest_route=%2Fwp%2Fv2%2Fmedia&parent=12073"}],"wp:term":[{"taxonomy":"category","embeddable":true,"href":"https:\/\/haberbesiktas.tr\/index.php?rest_route=%2Fwp%2Fv2%2Fcategories&post=12073"},{"taxonomy":"post_tag","embeddable":true,"href":"https:\/\/haberbesiktas.tr\/index.php?rest_route=%2Fwp%2Fv2%2Ftags&post=12073"}],"curies":[{"name":"wp","href":"https:\/\/api.w.org\/{rel}","templated":true}]}}