{"id":12180,"date":"2025-02-26T06:00:05","date_gmt":"2025-02-26T06:00:05","guid":{"rendered":"https:\/\/haberbesiktas.tr\/?p=12180"},"modified":"2025-02-26T06:00:05","modified_gmt":"2025-02-26T06:00:05","slug":"dusan-tadic-ritmimizde-yavaslama-oldu","status":"publish","type":"post","link":"https:\/\/haberbesiktas.tr\/?p=12180","title":{"rendered":"Dusan Tadic: &#8220;Ritmimizde yava\u015flama oldu&#8221;"},"content":{"rendered":"<div>UEFA Avrupa Ligi&#8217;nin 8. haftas\u0131nda Fenerbah\u00e7e,\u00a0Midtjylland ile 2-2 berabere kald\u0131.\u00a0<\/p>\n<p>Ma\u00e7\u0131n akabinde Fenerbah\u00e7e oyuncusu Dusan Tadic a\u00e7\u0131klamalarda bulundu.\u00a0<\/p>\n<p><span>Dusan Tadic,<\/span><span>\u00a0<strong>&#8220;Zor bir ma\u00e7 olaca\u011f\u0131n\u0131 biliyorduk. Kuvvetli bir yer ve rakip vard\u0131. Cezal\u0131 oyuncular, listede olmayan oyuncular \u00fczere bir sorunumuz vard\u0131. Bug\u00fcn ba\u015fard\u0131k, en k\u0131ymetlisi buydu. Kadro olarak karakter g\u00f6sterdik. Bu sahiden k\u0131ymetliydi. Birinci yar\u0131 daha yeterliydik. \u0130kinci yar\u0131 oyun ritmimizde yava\u015flama oldu. Bu esnada daha d\u00fczg\u00fcn savunma yapmal\u0131yd\u0131k. Birbirimiz i\u00e7in sava\u015ft\u0131k. \u00d6d\u00fcl\u00fcm\u00fcz\u00fc ald\u0131k. Bir \u00fcst tipe ismimizi yazd\u0131rd\u0131k.&#8221;<\/strong> dedi.<\/p>\n<p><span>S\u0131rp oyuncu, <strong>&#8220;Bedeninize, bedeninize bak\u0131yor olman\u0131z, idmanlar yapman\u0131z de\u011ferli. Bizler profesyoneliz. Futbol bizim \u00f6mr\u00fcm\u00fcz. Mental ve fizik olarak kendimize g\u00fczel bakmal\u0131y\u0131z. Tahminen biraz genetik, tahminen biraz \u00e7al\u0131\u015fmad\u0131r. Sakatl\u0131klar\u0131n nas\u0131l olaca\u011f\u0131n\u0131 bilemezsiniz, bazen mak\u00fbs baht olabiliyor. Bu halde devam ediyor, fit oluyor olmak \u00e7ok de\u011ferli.&#8221;<\/strong> kelamlar\u0131n\u0131 sarf etti.<\/span><\/span><\/div>\n","protected":false},"excerpt":{"rendered":"<p>UEFA Avrupa Ligi&#8217;nde Midtjylland ile 2-2 berabere kalan Fenerbah\u00e7e&#8217;de Dusan Tadic a\u00e7\u0131klamalarda bulundu.<\/p>\n","protected":false},"author":1,"featured_media":12181,"comment_status":"open","ping_status":"open","sticky":false,"template":"","format":"standard","meta":{"footnotes":""},"categories":[25],"tags":[43],"class_list":["post-12180","post","type-post","status-publish","format-standard","has-post-thumbnail","hentry","category-futbol","tag-oyun"],"_links":{"self":[{"href":"https:\/\/haberbesiktas.tr\/index.php?rest_route=\/wp\/v2\/posts\/12180","targetHints":{"allow":["GET"]}}],"collection":[{"href":"https:\/\/haberbesiktas.tr\/index.php?rest_route=\/wp\/v2\/posts"}],"about":[{"href":"https:\/\/haberbesiktas.tr\/index.php?rest_route=\/wp\/v2\/types\/post"}],"author":[{"embeddable":true,"href":"https:\/\/haberbesiktas.tr\/index.php?rest_route=\/wp\/v2\/users\/1"}],"replies":[{"embeddable":true,"href":"https:\/\/haberbesiktas.tr\/index.php?rest_route=%2Fwp%2Fv2%2Fcomments&post=12180"}],"version-history":[{"count":1,"href":"https:\/\/haberbesiktas.tr\/index.php?rest_route=\/wp\/v2\/posts\/12180\/revisions"}],"predecessor-version":[{"id":12182,"href":"https:\/\/haberbesiktas.tr\/index.php?rest_route=\/wp\/v2\/posts\/12180\/revisions\/12182"}],"wp:featuredmedia":[{"embeddable":true,"href":"https:\/\/haberbesiktas.tr\/index.php?rest_route=\/wp\/v2\/media\/12181"}],"wp:attachment":[{"href":"https:\/\/haberbesiktas.tr\/index.php?rest_route=%2Fwp%2Fv2%2Fmedia&parent=12180"}],"wp:term":[{"taxonomy":"category","embeddable":true,"href":"https:\/\/haberbesiktas.tr\/index.php?rest_route=%2Fwp%2Fv2%2Fcategories&post=12180"},{"taxonomy":"post_tag","embeddable":true,"href":"https:\/\/haberbesiktas.tr\/index.php?rest_route=%2Fwp%2Fv2%2Ftags&post=12180"}],"curies":[{"name":"wp","href":"https:\/\/api.w.org\/{rel}","templated":true}]}}