{"id":12192,"date":"2025-02-26T07:12:05","date_gmt":"2025-02-26T07:12:05","guid":{"rendered":"https:\/\/haberbesiktas.tr\/?p=12192"},"modified":"2025-02-26T07:12:05","modified_gmt":"2025-02-26T07:12:05","slug":"salvatore-foti-bugunku-gibi-14-oyunculu-bir-kadro-olmayacak","status":"publish","type":"post","link":"https:\/\/haberbesiktas.tr\/?p=12192","title":{"rendered":"Salvatore Foti: &#8220;Bug\u00fcnk\u00fc gibi 14 oyunculu bir kadro olmayacak&#8221;"},"content":{"rendered":"<div>UEFA Avrupa Ligi&#8217;nin 8. haftas\u0131nda Fenerbah\u00e7e,\u00a0Midtjylland ile 2-2 berabere kald\u0131.\u00a0<\/p>\n<p>Ma\u00e7\u0131n ard\u0131ndan\u00a0Fenerbah\u00e7e yard\u0131mc\u0131 antren\u00f6r\u00fc Salvatore Foti a\u00e7\u0131klamalarda bulundu.<\/p>\n<div><span>Salvatore Foti, &#8220;\u00c7ok \u00e2l\u00e2 bir gruba kar\u015f\u0131 ola\u011fan\u00fcst\u00fc performans sergiledik. Yedek kul\u00fcbesinde orta saha, savunma, bek yoktu. Kadro bug\u00fcn \u00e7ok istedi. Bunu alana yans\u0131tt\u0131k. Memnunuz. Playofflar\u0131 d\u00fc\u015f\u00fcnece\u011fiz. <span>Kesinlikle daha farkl\u0131 ve daha alternatifli bir Fenerbah\u00e7e olacak. Bug\u00fcnk\u00fc \u00fczere 14 oyunculu bir tak\u0131m olmayacak. Playofflarda daha g\u00fc\u00e7l\u00fc rakipler olacak ancak tak\u0131m\u0131m\u0131z alternatifli olacak. K\u0131ymetli olan \u00e7e\u015fit atlamakt\u0131.&#8221;<\/span>\u00a0dedi.<\/p>\n<p><\/span><\/div>\n<div>\u00a0<\/div>\n<\/div>\n","protected":false},"excerpt":{"rendered":"<p>UEFA Avrupa Ligi&#8217;nde Midtjylland ile 2-2 berabere kalan Fenerbah\u00e7e&#8217;de yard\u0131mc\u0131 antren\u00f6r Salvatore Foti a\u00e7\u0131klamalarda bulundu.<\/p>\n","protected":false},"author":1,"featured_media":12193,"comment_status":"open","ping_status":"open","sticky":false,"template":"","format":"standard","meta":{"footnotes":""},"categories":[25],"tags":[],"class_list":["post-12192","post","type-post","status-publish","format-standard","has-post-thumbnail","hentry","category-futbol"],"_links":{"self":[{"href":"https:\/\/haberbesiktas.tr\/index.php?rest_route=\/wp\/v2\/posts\/12192","targetHints":{"allow":["GET"]}}],"collection":[{"href":"https:\/\/haberbesiktas.tr\/index.php?rest_route=\/wp\/v2\/posts"}],"about":[{"href":"https:\/\/haberbesiktas.tr\/index.php?rest_route=\/wp\/v2\/types\/post"}],"author":[{"embeddable":true,"href":"https:\/\/haberbesiktas.tr\/index.php?rest_route=\/wp\/v2\/users\/1"}],"replies":[{"embeddable":true,"href":"https:\/\/haberbesiktas.tr\/index.php?rest_route=%2Fwp%2Fv2%2Fcomments&post=12192"}],"version-history":[{"count":1,"href":"https:\/\/haberbesiktas.tr\/index.php?rest_route=\/wp\/v2\/posts\/12192\/revisions"}],"predecessor-version":[{"id":12194,"href":"https:\/\/haberbesiktas.tr\/index.php?rest_route=\/wp\/v2\/posts\/12192\/revisions\/12194"}],"wp:featuredmedia":[{"embeddable":true,"href":"https:\/\/haberbesiktas.tr\/index.php?rest_route=\/wp\/v2\/media\/12193"}],"wp:attachment":[{"href":"https:\/\/haberbesiktas.tr\/index.php?rest_route=%2Fwp%2Fv2%2Fmedia&parent=12192"}],"wp:term":[{"taxonomy":"category","embeddable":true,"href":"https:\/\/haberbesiktas.tr\/index.php?rest_route=%2Fwp%2Fv2%2Fcategories&post=12192"},{"taxonomy":"post_tag","embeddable":true,"href":"https:\/\/haberbesiktas.tr\/index.php?rest_route=%2Fwp%2Fv2%2Ftags&post=12192"}],"curies":[{"name":"wp","href":"https:\/\/api.w.org\/{rel}","templated":true}]}}