{"id":12204,"date":"2025-02-26T08:12:05","date_gmt":"2025-02-26T08:12:05","guid":{"rendered":"https:\/\/haberbesiktas.tr\/?p=12204"},"modified":"2025-02-26T08:12:05","modified_gmt":"2025-02-26T08:12:05","slug":"okan-buruktan-morata-sorusuna-yanit","status":"publish","type":"post","link":"https:\/\/haberbesiktas.tr\/?p=12204","title":{"rendered":"Okan Buruk&#8217;tan Morata sorusuna yan\u0131t"},"content":{"rendered":"<div>Galatasaray Teknik Y\u00f6neticisi Okan Buruk, Ajax ma\u00e7\u0131 sonras\u0131 Alvaro Morata transferi hakk\u0131ndaki soruya kar\u015f\u0131l\u0131k verdi.<\/p>\n<p><strong>MORATA SORUSUNA YANIT<\/strong><\/p>\n<p>Alvaro Morata transferinin geli\u015fmeleri hakk\u0131ndaki soruya kar\u015f\u0131l\u0131k veren Okan Buruk, <strong>&#8220;<\/strong><span><span><strong>H\u00fccumda 1 oyuncu daha, 3-4-1-2&#8217;yi Tottenham ma\u00e7\u0131nda \u00e7ok uygun oynad\u0131k. Tad\u0131 dama\u011f\u0131m\u0131zda kald\u0131, Icardi ile 3-4-1-2&#8230; Daha sonra bu oyunu \u00e7\u0131karamad\u0131k. Bug\u00fcn ikinci yar\u0131 yapt\u0131k. Daha dominant oynad\u0131k. Tahminen bug\u00fcn \u00f6zelinde, kenardan lisana getirmeye \u00e7al\u0131\u015ft\u0131m. \u0130ki forvete d\u00f6n\u00fcnce rakip ceza alan\u0131nda \u00fcst\u00fcnl\u00fck kurduk. \u0130ki tane ba\u015f toplar\u0131nda tesirli oyuncu var. Oraya daha \u00e7ok top atabilirdik. Kenar ortalar\u0131nda daha fazla bulu\u015fturabilirdik iki santrforumuzu. \u0130ki sistemi oynayan Galatasaray var. Bundan sonraki periyotta transferlerimizle birlikte ba\u015f\u0131mda planlar var. 3&#8217;l\u00fc oynamay\u0131 seviyorum, buna uygun oyuncularla bu sistemi devam ettirmeyi d\u00fc\u015f\u00fcn\u00fcyorum.&#8221;<\/strong> tabirlerini kulland\u0131.<br \/><\/span><\/span> <strong>GALATASARAY&#8217;A &#8216;EVET&#8217; DED\u0130<\/strong><\/p>\n<p> Relevo ve Fabrizio Romano&#8217;nun haberlerine nazaran;\u00a0<strong>Alvaro Morata, Galatasaray&#8217;\u0131n teklifine &#8216;evet&#8217; dedi. \u0130ki kul\u00fcp ortas\u0131nda operasyonda son basama\u011fa gelindi.\u00a0Galatasaray&#8217;\u0131n Morata&#8217;ya y\u0131ll\u0131k 6 milyon euro maa\u015f teklif etti\u011fi kaydedildi.<\/strong><\/p>\n<\/div>\n","protected":false},"excerpt":{"rendered":"<p>Galatasaray Teknik Y\u00f6neticisi Okan Buruk, Ajax ma\u00e7\u0131 sonras\u0131 Alvaro Morata transferi hakk\u0131ndaki soruya cevap verdi.<\/p>\n","protected":false},"author":1,"featured_media":12205,"comment_status":"open","ping_status":"open","sticky":false,"template":"","format":"standard","meta":{"footnotes":""},"categories":[25],"tags":[129,1329],"class_list":["post-12204","post","type-post","status-publish","format-standard","has-post-thumbnail","hentry","category-futbol","tag-galatasaray","tag-morata"],"_links":{"self":[{"href":"https:\/\/haberbesiktas.tr\/index.php?rest_route=\/wp\/v2\/posts\/12204","targetHints":{"allow":["GET"]}}],"collection":[{"href":"https:\/\/haberbesiktas.tr\/index.php?rest_route=\/wp\/v2\/posts"}],"about":[{"href":"https:\/\/haberbesiktas.tr\/index.php?rest_route=\/wp\/v2\/types\/post"}],"author":[{"embeddable":true,"href":"https:\/\/haberbesiktas.tr\/index.php?rest_route=\/wp\/v2\/users\/1"}],"replies":[{"embeddable":true,"href":"https:\/\/haberbesiktas.tr\/index.php?rest_route=%2Fwp%2Fv2%2Fcomments&post=12204"}],"version-history":[{"count":1,"href":"https:\/\/haberbesiktas.tr\/index.php?rest_route=\/wp\/v2\/posts\/12204\/revisions"}],"predecessor-version":[{"id":12206,"href":"https:\/\/haberbesiktas.tr\/index.php?rest_route=\/wp\/v2\/posts\/12204\/revisions\/12206"}],"wp:featuredmedia":[{"embeddable":true,"href":"https:\/\/haberbesiktas.tr\/index.php?rest_route=\/wp\/v2\/media\/12205"}],"wp:attachment":[{"href":"https:\/\/haberbesiktas.tr\/index.php?rest_route=%2Fwp%2Fv2%2Fmedia&parent=12204"}],"wp:term":[{"taxonomy":"category","embeddable":true,"href":"https:\/\/haberbesiktas.tr\/index.php?rest_route=%2Fwp%2Fv2%2Fcategories&post=12204"},{"taxonomy":"post_tag","embeddable":true,"href":"https:\/\/haberbesiktas.tr\/index.php?rest_route=%2Fwp%2Fv2%2Ftags&post=12204"}],"curies":[{"name":"wp","href":"https:\/\/api.w.org\/{rel}","templated":true}]}}