{"id":12249,"date":"2025-02-26T12:00:05","date_gmt":"2025-02-26T12:00:05","guid":{"rendered":"https:\/\/haberbesiktas.tr\/?p=12249"},"modified":"2025-02-26T12:00:05","modified_gmt":"2025-02-26T12:00:05","slug":"pfdkden-bahokene-ceza","status":"publish","type":"post","link":"https:\/\/haberbesiktas.tr\/?p=12249","title":{"rendered":"PFDK&#8217;den Bahoken&#8217;e ceza!"},"content":{"rendered":"<div>Profesyonel Futbol Disiplin Kurulu kararlar\u0131 a\u00e7\u0131kland\u0131.<\/p>\n<p> Heyet, Sivasspor ma\u00e7\u0131nda grup arkada\u015f\u0131 Miguel Cardoso&#8217;ya fiziki atakta bulunan Kayserisporlu Stephane Bahoken&#8217;e 3 ma\u00e7 men cezas\u0131 verdi.<\/p>\n<p> Kayserispor da ya\u015fanan olay sonras\u0131 Bahoken&#8217;i tak\u0131m d\u0131\u015f\u0131 b\u0131rakm\u0131\u015ft\u0131.<\/p>\n<p>PFDK&#8217;N\u0130N A\u00c7IKLAMASI \u015eU FORMDA:<\/p>\n<p> &#8220;Ayn\u0131 kar\u015f\u0131la\u015fmada BELLONA KAYSER\u0130SPOR Kul\u00fcb\u00fc atleti STEPHANE CEDRIC BAHOKEN&#8217;\u0131n, kendi kadro atletine y\u00f6nelik \u015fiddetli hareketi nedeniyle FDT&#8217;nin 43. ve 35\/4. hususlar\u0131 uyar\u0131nca 3 RESM\u0130 KAR\u015eILA\u015eMADAN MEN ve 58.500.-TL PARA CEZASI ile cezaland\u0131r\u0131lmas\u0131na,(oy\u00e7oklu\u011fu) karar verilmi\u015ftir.&#8221;<\/p>\n<p>https:\/\/twitter.com\/sporx\/status\/1884185281961894135<\/p>\n<\/p><\/div>\n","protected":false},"excerpt":{"rendered":"<p>PFDK, Sivasspor ma\u00e7\u0131nda grup arkada\u015f\u0131 Miguel Cardoso&#8217;ya fiziki ak\u0131nda bulunan Stephane Bahoken&#8217;e ma\u00e7 ceza verdi.<\/p>\n","protected":false},"author":1,"featured_media":12250,"comment_status":"open","ping_status":"open","sticky":false,"template":"","format":"standard","meta":{"footnotes":""},"categories":[25],"tags":[],"class_list":["post-12249","post","type-post","status-publish","format-standard","has-post-thumbnail","hentry","category-futbol"],"_links":{"self":[{"href":"https:\/\/haberbesiktas.tr\/index.php?rest_route=\/wp\/v2\/posts\/12249","targetHints":{"allow":["GET"]}}],"collection":[{"href":"https:\/\/haberbesiktas.tr\/index.php?rest_route=\/wp\/v2\/posts"}],"about":[{"href":"https:\/\/haberbesiktas.tr\/index.php?rest_route=\/wp\/v2\/types\/post"}],"author":[{"embeddable":true,"href":"https:\/\/haberbesiktas.tr\/index.php?rest_route=\/wp\/v2\/users\/1"}],"replies":[{"embeddable":true,"href":"https:\/\/haberbesiktas.tr\/index.php?rest_route=%2Fwp%2Fv2%2Fcomments&post=12249"}],"version-history":[{"count":1,"href":"https:\/\/haberbesiktas.tr\/index.php?rest_route=\/wp\/v2\/posts\/12249\/revisions"}],"predecessor-version":[{"id":12251,"href":"https:\/\/haberbesiktas.tr\/index.php?rest_route=\/wp\/v2\/posts\/12249\/revisions\/12251"}],"wp:featuredmedia":[{"embeddable":true,"href":"https:\/\/haberbesiktas.tr\/index.php?rest_route=\/wp\/v2\/media\/12250"}],"wp:attachment":[{"href":"https:\/\/haberbesiktas.tr\/index.php?rest_route=%2Fwp%2Fv2%2Fmedia&parent=12249"}],"wp:term":[{"taxonomy":"category","embeddable":true,"href":"https:\/\/haberbesiktas.tr\/index.php?rest_route=%2Fwp%2Fv2%2Fcategories&post=12249"},{"taxonomy":"post_tag","embeddable":true,"href":"https:\/\/haberbesiktas.tr\/index.php?rest_route=%2Fwp%2Fv2%2Ftags&post=12249"}],"curies":[{"name":"wp","href":"https:\/\/api.w.org\/{rel}","templated":true}]}}