{"id":12252,"date":"2025-02-26T12:12:06","date_gmt":"2025-02-26T12:12:06","guid":{"rendered":"https:\/\/haberbesiktas.tr\/?p=12252"},"modified":"2025-02-26T12:12:06","modified_gmt":"2025-02-26T12:12:06","slug":"fenerbahceye-eren-elmalidan-iyi-haber","status":"publish","type":"post","link":"https:\/\/haberbesiktas.tr\/?p=12252","title":{"rendered":"Fenerbah\u00e7e&#8217;ye Eren Elmal\u0131&#8217;dan iyi haber"},"content":{"rendered":"<div>Diego Carlos&#8217;la transfer d\u00f6nemini a\u00e7an ve akabinde Milan Skriniar ile Anderson Talisca&#8217;y\u0131 tak\u0131m\u0131na katan Fenerbah\u00e7e, art\u0131k de sol bek i\u00e7in harekete ge\u00e7ti. Ama\u00e7taki isim ise; Trabzonspor&#8217;un ulusal y\u0131ld\u0131z\u0131 Eren Elmal\u0131&#8230;<\/p>\n<p> Galatasaray&#8217;\u0131n da transfer listesinde yer alan 24 ya\u015f\u0131ndaki oyuncu i\u00e7in harekete ge\u00e7en sar\u0131 lacivertli idare, Karadeniz grubuyla masaya oturdu.<\/p>\n<p> <strong>FENERBAH\u00c7E PE\u015e\u0130N \u00d6DEYECEK<\/strong><\/p>\n<p> Trabzonspor ile Galatasaray ortas\u0131ndaki g\u00f6r\u00fc\u015fmeler bonservis bedelinin pe\u015fin istenmesinden \u00f6t\u00fcr\u00fc t\u0131kanm\u0131\u015ft\u0131. Fenerbah\u00e7e idaresi, Trabzonspor idaresini arayarak bu paray\u0131 pe\u015fin olarak verebileceklerini iletti. Transfer olumlu tarafta ilerliyor.<\/p>\n<p> <strong>CENG\u0130Z&#8217;LE TAKAS \u0130DD\u0130ASI<\/strong><\/p>\n<p> Fenerbah\u00e7e&#8217;de istenmeyen adamlar\u0131n ba\u015f\u0131nda gelen Cengiz \u00dcnder&#8217;i Trabzonspor teknik y\u00f6neticisi \u015eenol G\u00fcne\u015f&#8217;in \u00e7ok be\u011fendi\u011fi ve bu transferde takas olarak kullan\u0131labilece\u011fi de tezler ortas\u0131nda&#8230;<\/p>\n<p> <strong>BU D\u00d6NEM PERFORMANSI<\/strong><\/p>\n<p> Trabzonspor&#8217;da bu d\u00f6nem 21 ma\u00e7ta m\u00fchlet bulan Erem Elmal\u0131, 1 asist yapt\u0131.<\/p>\n<p> \u015eimdiki piyasa bedeli 4 milyon euro olarak g\u00f6sterilen Eren Elmal\u0131&#8217;n\u0131n Trabzonspor ile mukavelesi 2027 y\u0131l\u0131na kadar devam ediyor.\u00a0\u00a0<\/p>\n<div>\u00a0<\/div>\n<p> \u00a0<\/p>\n<p> \u00a0<\/p>\n<\/div>\n","protected":false},"excerpt":{"rendered":"<p>Fenerbah\u00e7e, Trabzonspor ile Eren Elmal\u0131 i\u00e7in g\u00f6r\u00fc\u015fmelere ba\u015flad\u0131. Transfer olumlu tarafta seyrediyor.<\/p>\n","protected":false},"author":1,"featured_media":12253,"comment_status":"open","ping_status":"open","sticky":false,"template":"","format":"standard","meta":{"footnotes":""},"categories":[25],"tags":[98],"class_list":["post-12252","post","type-post","status-publish","format-standard","has-post-thumbnail","hentry","category-futbol","tag-trabzonspor"],"_links":{"self":[{"href":"https:\/\/haberbesiktas.tr\/index.php?rest_route=\/wp\/v2\/posts\/12252","targetHints":{"allow":["GET"]}}],"collection":[{"href":"https:\/\/haberbesiktas.tr\/index.php?rest_route=\/wp\/v2\/posts"}],"about":[{"href":"https:\/\/haberbesiktas.tr\/index.php?rest_route=\/wp\/v2\/types\/post"}],"author":[{"embeddable":true,"href":"https:\/\/haberbesiktas.tr\/index.php?rest_route=\/wp\/v2\/users\/1"}],"replies":[{"embeddable":true,"href":"https:\/\/haberbesiktas.tr\/index.php?rest_route=%2Fwp%2Fv2%2Fcomments&post=12252"}],"version-history":[{"count":1,"href":"https:\/\/haberbesiktas.tr\/index.php?rest_route=\/wp\/v2\/posts\/12252\/revisions"}],"predecessor-version":[{"id":12254,"href":"https:\/\/haberbesiktas.tr\/index.php?rest_route=\/wp\/v2\/posts\/12252\/revisions\/12254"}],"wp:featuredmedia":[{"embeddable":true,"href":"https:\/\/haberbesiktas.tr\/index.php?rest_route=\/wp\/v2\/media\/12253"}],"wp:attachment":[{"href":"https:\/\/haberbesiktas.tr\/index.php?rest_route=%2Fwp%2Fv2%2Fmedia&parent=12252"}],"wp:term":[{"taxonomy":"category","embeddable":true,"href":"https:\/\/haberbesiktas.tr\/index.php?rest_route=%2Fwp%2Fv2%2Fcategories&post=12252"},{"taxonomy":"post_tag","embeddable":true,"href":"https:\/\/haberbesiktas.tr\/index.php?rest_route=%2Fwp%2Fv2%2Ftags&post=12252"}],"curies":[{"name":"wp","href":"https:\/\/api.w.org\/{rel}","templated":true}]}}