{"id":12288,"date":"2025-02-26T15:24:05","date_gmt":"2025-02-26T15:24:05","guid":{"rendered":"https:\/\/haberbesiktas.tr\/?p=12288"},"modified":"2025-02-26T15:24:05","modified_gmt":"2025-02-26T15:24:05","slug":"lyon-paulo-fonsecayi-acikladi","status":"publish","type":"post","link":"https:\/\/haberbesiktas.tr\/?p=12288","title":{"rendered":"Lyon, Paulo Fonseca&#8217;y\u0131 a\u00e7\u0131klad\u0131"},"content":{"rendered":"<div>Pierre Sage&#8217;yi vazifeden alan Olimpik Lyon, teknik y\u00f6neticilik misyonuna Paulo Fonseca&#8217;y\u0131 getirdi.<\/p>\n<p> Kul\u00fcpten yap\u0131lan a\u00e7\u0131klamada, 51 ya\u015f\u0131ndaki Portekizli teknik y\u00f6netici ile 2027 yaz\u0131na kadar mukavele imzaland\u0131 belirtildi. Bu karar\u0131n, kul\u00fcp sahibi ve lider John Textor ile t\u00fcm spor idaresinin fikir birli\u011fiyle al\u0131nd\u0131\u011f\u0131 duyuruldu.<\/p>\n<p> 30 Aral\u0131k&#8217;ta Milan&#8217;daki misyonundan al\u0131nan Paulo Fonseca, 1 ayl\u0131k bo\u015flu\u011fun akabinde yeni i\u015fini bulmu\u015f oldu.<\/p>\n<p> Fonseca mesle\u011finde Pa\u00e7os Ferreira, Porto, Braga, Shakhtar Donetsk, Lille&#8217;i de \u00e7al\u0131\u015ft\u0131rd\u0131. Portekizli teknik adam, Milan&#8217;\u0131n ba\u015f\u0131ndaki 24 ma\u00e7ta 12 galibiyet ve 6 yenilgi ald\u0131.<\/p>\n<p> Lyon, 18 gruplu Fransa Ligue 1&#8217;de 19. hafta sonunda 6. s\u0131rada yer al\u0131yor.<\/p>\n<\/div>\n","protected":false},"excerpt":{"rendered":"<p>Pierre Sage&#8217;yi teknik y\u00f6neticilik vazifesinden alan Olimpik Lyon, Paulo Fonseca ile anla\u015ft\u0131.<\/p>\n","protected":false},"author":1,"featured_media":12289,"comment_status":"open","ping_status":"open","sticky":false,"template":"","format":"standard","meta":{"footnotes":""},"categories":[25],"tags":[],"class_list":["post-12288","post","type-post","status-publish","format-standard","has-post-thumbnail","hentry","category-futbol"],"_links":{"self":[{"href":"https:\/\/haberbesiktas.tr\/index.php?rest_route=\/wp\/v2\/posts\/12288","targetHints":{"allow":["GET"]}}],"collection":[{"href":"https:\/\/haberbesiktas.tr\/index.php?rest_route=\/wp\/v2\/posts"}],"about":[{"href":"https:\/\/haberbesiktas.tr\/index.php?rest_route=\/wp\/v2\/types\/post"}],"author":[{"embeddable":true,"href":"https:\/\/haberbesiktas.tr\/index.php?rest_route=\/wp\/v2\/users\/1"}],"replies":[{"embeddable":true,"href":"https:\/\/haberbesiktas.tr\/index.php?rest_route=%2Fwp%2Fv2%2Fcomments&post=12288"}],"version-history":[{"count":1,"href":"https:\/\/haberbesiktas.tr\/index.php?rest_route=\/wp\/v2\/posts\/12288\/revisions"}],"predecessor-version":[{"id":12290,"href":"https:\/\/haberbesiktas.tr\/index.php?rest_route=\/wp\/v2\/posts\/12288\/revisions\/12290"}],"wp:featuredmedia":[{"embeddable":true,"href":"https:\/\/haberbesiktas.tr\/index.php?rest_route=\/wp\/v2\/media\/12289"}],"wp:attachment":[{"href":"https:\/\/haberbesiktas.tr\/index.php?rest_route=%2Fwp%2Fv2%2Fmedia&parent=12288"}],"wp:term":[{"taxonomy":"category","embeddable":true,"href":"https:\/\/haberbesiktas.tr\/index.php?rest_route=%2Fwp%2Fv2%2Fcategories&post=12288"},{"taxonomy":"post_tag","embeddable":true,"href":"https:\/\/haberbesiktas.tr\/index.php?rest_route=%2Fwp%2Fv2%2Ftags&post=12288"}],"curies":[{"name":"wp","href":"https:\/\/api.w.org\/{rel}","templated":true}]}}