{"id":12294,"date":"2025-02-26T16:00:05","date_gmt":"2025-02-26T16:00:05","guid":{"rendered":"https:\/\/haberbesiktas.tr\/?p=12294"},"modified":"2025-02-26T16:00:05","modified_gmt":"2025-02-26T16:00:05","slug":"leverkusen-hermosoyu-kadrosuna-katti","status":"publish","type":"post","link":"https:\/\/haberbesiktas.tr\/?p=12294","title":{"rendered":"Leverkusen, Hermoso&#8217;yu kadrosuna katt\u0131!"},"content":{"rendered":"<div>Roma formas\u0131 giyen Mario Hermoso&#8217;nun yeni grubu Bayer Leverkusen oldu.<\/p>\n<p> Bayer Leverkusen, \u0130spanyol stoperi d\u00f6nem sonuna kadar kiral\u0131k olarak tak\u0131m\u0131na katt\u0131\u011f\u0131n\u0131 a\u00e7\u0131klad\u0131.<\/p>\n<p> Hermoso i\u00e7in Bayer Leverkusen ve Roma ortas\u0131nda yap\u0131lan kiral\u0131k transfer mutabakat\u0131nda sat\u0131n alma opsiyonu yer alm\u0131yor.<\/p>\n<p> 29 ya\u015f\u0131ndaki stoper, yaz transfer devrinde imza att\u0131\u011f\u0131 Roma&#8217;da 13 defa alana \u00e7\u0131kt\u0131 ve 1 kere gol sevinci ya\u015fad\u0131.<\/p>\n<\/div>\n","protected":false},"excerpt":{"rendered":"<p>Bayer Leverkusen, Roma&#8217;dan \u0130spanyol stoper Mario Hermoso&#8217;yu d\u00f6nem sonuna kadar kiralad\u0131.<\/p>\n","protected":false},"author":1,"featured_media":12295,"comment_status":"open","ping_status":"open","sticky":false,"template":"","format":"standard","meta":{"footnotes":""},"categories":[25],"tags":[],"class_list":["post-12294","post","type-post","status-publish","format-standard","has-post-thumbnail","hentry","category-futbol"],"_links":{"self":[{"href":"https:\/\/haberbesiktas.tr\/index.php?rest_route=\/wp\/v2\/posts\/12294","targetHints":{"allow":["GET"]}}],"collection":[{"href":"https:\/\/haberbesiktas.tr\/index.php?rest_route=\/wp\/v2\/posts"}],"about":[{"href":"https:\/\/haberbesiktas.tr\/index.php?rest_route=\/wp\/v2\/types\/post"}],"author":[{"embeddable":true,"href":"https:\/\/haberbesiktas.tr\/index.php?rest_route=\/wp\/v2\/users\/1"}],"replies":[{"embeddable":true,"href":"https:\/\/haberbesiktas.tr\/index.php?rest_route=%2Fwp%2Fv2%2Fcomments&post=12294"}],"version-history":[{"count":1,"href":"https:\/\/haberbesiktas.tr\/index.php?rest_route=\/wp\/v2\/posts\/12294\/revisions"}],"predecessor-version":[{"id":12296,"href":"https:\/\/haberbesiktas.tr\/index.php?rest_route=\/wp\/v2\/posts\/12294\/revisions\/12296"}],"wp:featuredmedia":[{"embeddable":true,"href":"https:\/\/haberbesiktas.tr\/index.php?rest_route=\/wp\/v2\/media\/12295"}],"wp:attachment":[{"href":"https:\/\/haberbesiktas.tr\/index.php?rest_route=%2Fwp%2Fv2%2Fmedia&parent=12294"}],"wp:term":[{"taxonomy":"category","embeddable":true,"href":"https:\/\/haberbesiktas.tr\/index.php?rest_route=%2Fwp%2Fv2%2Fcategories&post=12294"},{"taxonomy":"post_tag","embeddable":true,"href":"https:\/\/haberbesiktas.tr\/index.php?rest_route=%2Fwp%2Fv2%2Ftags&post=12294"}],"curies":[{"name":"wp","href":"https:\/\/api.w.org\/{rel}","templated":true}]}}