{"id":12297,"date":"2025-02-26T16:24:05","date_gmt":"2025-02-26T16:24:05","guid":{"rendered":"https:\/\/haberbesiktas.tr\/?p=12297"},"modified":"2025-02-26T16:24:05","modified_gmt":"2025-02-26T16:24:05","slug":"pfdk-afyonspor-kararini-acikladi","status":"publish","type":"post","link":"https:\/\/haberbesiktas.tr\/?p=12297","title":{"rendered":"PFDK, Afyonspor karar\u0131n\u0131 a\u00e7\u0131klad\u0131"},"content":{"rendered":"<div><span>TFF 2. Lig Beyaz K\u00fcme&#8217;de 2 defa alana \u00e7\u0131kmamas\u0131 nedeniyle\u00a0Profesyonel Futbol Disiplin Konseyine sevk edilen\u00a0Afyonspor&#8217;la ilgili\u00a0karar\u00a0a\u00e7\u0131kland\u0131.<br \/><\/span><br \/>PFDK&#8217;den yap\u0131lan a\u00e7\u0131klamaya nazaran Afyonspor&#8217;un bir alt lige d\u00fc\u015f\u00fcr\u00fclmesi kat\u0131la\u015ft\u0131. Afyonspor&#8217;un kalan ma\u00e7lar\u0131 rakiplerinin 3-0 h\u00fckmen galibiyetiyle sonu\u00e7land\u0131r\u0131ld\u0131.<\/p>\n<p> Afyonspor \u00f6n\u00fcm\u00fczdeki d\u00f6nem TFF 3. Lig&#8217;de gayret edecek.<\/p>\n<p>PFDK&#8217;n\u0131n Afyonspor&#8217;la ilgili ald\u0131\u011f\u0131 karar \u015f\u00f6yle:<\/p>\n<p><span>&#8220;Afyonspor\u00a0Kul\u00fcb\u00fcn\u00fcn, 26.01.2025 tarihinde oynanan \u0130SKENDERUNSPOR A.\u015e.-AFYONSPOR KUL\u00dcB\u00dc Nesine 2. Lig Beyaz K\u00fcme kar\u015f\u0131la\u015fmas\u0131nda, kar\u015f\u0131la\u015fma k\u0131yafeti ile belirlenen ve ilan olunan saatte alana gelmemesi nedeniyle ve bu aksiyonun t\u0131pk\u0131 d\u00f6nem i\u00e7erisinde 2. kere ger\u00e7ekle\u015ftirilmesinden \u00f6t\u00fcr\u00fc Futbol Kar\u015f\u0131la\u015fma Talimat\u0131&#8217;n\u0131n 24\/1-a unsuru uyar\u0131nca\u00a0(3-0) h\u00fckmen ma\u011flup say\u0131lmas\u0131na, bir alt lige d\u00fc\u015f\u00fcr\u00fclmesine ve bu kar\u015f\u0131la\u015fma tarihinden itibaren bu kadroyla kar\u015f\u0131la\u015fmas\u0131 olan \u00f6b\u00fcr gruplar\u0131n kar\u015f\u0131la\u015fmalar\u0131 oynamaks\u0131z\u0131n h\u00fckmen galip say\u0131lmalar\u0131na karar verilmi\u015ftir.&#8221;\u00a0<\/span><\/p>\n<\/div>\n","protected":false},"excerpt":{"rendered":"<p>PFDK, 2. Lig Beyaz K\u00fcme&#8217;de yer alan Afyonspor&#8217;u 2 kere alana \u00e7\u0131kmamas\u0131 nedeniyle 3. Lig&#8217;e d\u00fc\u015f\u00fcrd\u00fc.<\/p>\n","protected":false},"author":1,"featured_media":12298,"comment_status":"open","ping_status":"open","sticky":false,"template":"","format":"standard","meta":{"footnotes":""},"categories":[25],"tags":[1341,51,748],"class_list":["post-12297","post","type-post","status-publish","format-standard","has-post-thumbnail","hentry","category-futbol","tag-afyonspor","tag-lig","tag-musabaka"],"_links":{"self":[{"href":"https:\/\/haberbesiktas.tr\/index.php?rest_route=\/wp\/v2\/posts\/12297","targetHints":{"allow":["GET"]}}],"collection":[{"href":"https:\/\/haberbesiktas.tr\/index.php?rest_route=\/wp\/v2\/posts"}],"about":[{"href":"https:\/\/haberbesiktas.tr\/index.php?rest_route=\/wp\/v2\/types\/post"}],"author":[{"embeddable":true,"href":"https:\/\/haberbesiktas.tr\/index.php?rest_route=\/wp\/v2\/users\/1"}],"replies":[{"embeddable":true,"href":"https:\/\/haberbesiktas.tr\/index.php?rest_route=%2Fwp%2Fv2%2Fcomments&post=12297"}],"version-history":[{"count":1,"href":"https:\/\/haberbesiktas.tr\/index.php?rest_route=\/wp\/v2\/posts\/12297\/revisions"}],"predecessor-version":[{"id":12299,"href":"https:\/\/haberbesiktas.tr\/index.php?rest_route=\/wp\/v2\/posts\/12297\/revisions\/12299"}],"wp:featuredmedia":[{"embeddable":true,"href":"https:\/\/haberbesiktas.tr\/index.php?rest_route=\/wp\/v2\/media\/12298"}],"wp:attachment":[{"href":"https:\/\/haberbesiktas.tr\/index.php?rest_route=%2Fwp%2Fv2%2Fmedia&parent=12297"}],"wp:term":[{"taxonomy":"category","embeddable":true,"href":"https:\/\/haberbesiktas.tr\/index.php?rest_route=%2Fwp%2Fv2%2Fcategories&post=12297"},{"taxonomy":"post_tag","embeddable":true,"href":"https:\/\/haberbesiktas.tr\/index.php?rest_route=%2Fwp%2Fv2%2Ftags&post=12297"}],"curies":[{"name":"wp","href":"https:\/\/api.w.org\/{rel}","templated":true}]}}