{"id":12300,"date":"2025-02-26T16:36:06","date_gmt":"2025-02-26T16:36:06","guid":{"rendered":"https:\/\/haberbesiktas.tr\/?p=12300"},"modified":"2025-02-26T16:36:06","modified_gmt":"2025-02-26T16:36:06","slug":"ismail-kartaldan-mesaj-turkiyeden-transfer","status":"publish","type":"post","link":"https:\/\/haberbesiktas.tr\/?p=12300","title":{"rendered":"\u0130smail Kartal&#8217;dan mesaj: T\u00fcrkiye&#8217;den transfer"},"content":{"rendered":"<div>\u0130ran&#8217;\u0131n en \u00fcst futbol tertibi Pers K\u00f6rfez Pro Lig kul\u00fcplerinden Persepolis&#8217;in ba\u015f\u0131na ge\u00e7en tecr\u00fcbeli T\u00fcrk teknik y\u00f6netici \u0130smail Kartal, muvaffakiyet i\u00e7in grup olarak a\u011f\u0131r \u00e7al\u0131\u015ft\u0131klar\u0131n\u0131 s\u00f6yledi.<\/p>\n<p> Pers K\u00f6rfez Pro Lig ve Asya \u015eampiyonlar Ligi&#8217;nde k\u0131ymetli muvaffakiyetler elde eden Tahran grubunda vazifeye ba\u015flayan \u0130smail Kartal, AA muhabirine de\u011ferlendirmelerde bulundu.<\/p>\n<p> Deneyimli teknik adam, Persepolis&#8217;e gelmeden evvel kendisini \u00f6teki kul\u00fcplerin de istedi\u011fini fakat \u0130ran tak\u0131m\u0131n\u0131 tercih etti\u011fini belirterek &#8220;Persepolis ba\u015fkan\u0131 ve y\u00f6neticileri, beni nitekim \u00e7ok i\u00e7ten istediklerini, benimle \u00e7al\u0131\u015fmak istediklerini s\u00f6ylediler.&#8221; dedi.<\/p>\n<p> Persepolis taraftarlar\u0131n\u0131n tutkulu oldu\u011funu g\u00f6rd\u00fc\u011f\u00fcn\u00fc anlatan Kartal, &#8220;Persepolis \u00e7ok b\u00fcy\u00fck bir topluluk. Ben de ara\u015ft\u0131rd\u0131m ve de\u011ferli gayeleri oldu\u011funu g\u00f6rd\u00fcm. Hedeflerim do\u011frultusunda da Persepolis&#8217;e gelmeyi tercih ettim. \u015eu an burada olmaktan \u00e7ok memnunum.&#8221; diye konu\u015ftu.<\/p>\n<p> \u0130ran&#8217;a gelir gelmez planlamalara ve \u00e7al\u0131\u015fmaya ba\u015flad\u0131\u011f\u0131n\u0131 anlatan Kartal, &#8220;Ben \u00e7al\u0131\u015fmay\u0131 seven bir teknik y\u00f6neticim. Her g\u00fcn oyuncular\u0131mla beraberim, her g\u00fcn tesislerdeyim. Tesislerde i\u015fimiz bitince, ak\u015fama kadar burada rakipleri izliyor, tahlil yap\u0131yoruz. Buradan tekrar otelimize d\u00f6nd\u00fc\u011f\u00fcm\u00fczde de grup arkada\u015flar\u0131mla bir arada gece yat\u0131ncaya kadar ma\u00e7lar izliyor, oyuncu bak\u0131yoruz. \u0130\u015fimizi en yeterli formda yap\u0131p Persepolis ekibine nas\u0131l yararl\u0131 olabiliriz, taraftarlar\u0131m\u0131z\u0131 nas\u0131l memnun edebiliriz diye efor harc\u0131yoruz. B\u00fct\u00fcn g\u00fcc\u00fcm\u00fczle ba\u015far\u0131l\u0131 olmak i\u00e7in u\u011fra\u015f\u0131yoruz.&#8221; s\u00f6zlerini kulland\u0131.<\/p>\n<p> <strong>&#8220;EN HO\u015e YERDE B\u0130T\u0130RMEK \u0130ST\u0130YORUZ&#8221;<\/strong><\/p>\n<p> Kartal, Pers K\u00f6rfez Pro Lig&#8217;de 33 puanla 4&#8217;\u00fcnc\u00fc s\u0131rada olduklar\u0131n\u0131 ve \u015fampiyonluk yar\u0131\u015f\u0131n\u0131n d\u00f6nem sonuna kadar s\u00fcrece\u011fini d\u00fc\u015f\u00fcnd\u00fc\u011f\u00fcn\u00fc lisana getirdi.<\/p>\n<p> Trakt\u00f6r, Sepahan \u0130sfahan ve bu hafta kar\u015f\u0131la\u015facaklar\u0131 Huzistan Fulad ekiplerinin s\u0131ralamada Persepolis&#8217;in \u00fcst\u00fcnde yer ald\u0131\u011f\u0131n\u0131 aktaran Kartal, &#8220;Sezon sonuna kadar bu yar\u0131\u015f\u0131n 5 kadro ortas\u0131nda s\u00fcrece\u011fini d\u00fc\u015f\u00fcn\u00fcyorum. Biz de bu s\u00fcre\u00e7te elimizden gelenin en g\u00fczelini yap\u0131p, kendimize yak\u0131\u015f\u0131r bi\u00e7imde, en ho\u015f yerde d\u00f6nemi tamamlamak istiyoruz.&#8221; dedi.<\/p>\n<p> Persepolis&#8217;in \u00e7aba etti\u011fi Asya \u015eampiyonlar Ligi&#8217;nde de uygun sonu\u00e7lar almaya \u00e7al\u0131\u015facaklar\u0131n\u0131 vurgulayan deneyimli teknik adam, Suudi Arabistan&#8217;\u0131n El Hilal grubuyla Asya \u015eampiyonlar Ligi&#8217;nde oynayacaklar\u0131 ma\u00e7a ait &#8220;Sonu\u00e7ta El Hilal, k\u00fcmeden \u00e7\u0131kmay\u0131 garantilemi\u015f durumda. B\u00fct\u00e7esi \u00fcst d\u00fczeyde, tak\u0131m\u0131ndaki d\u00fcnya \u00e7ap\u0131nda oyuncularla \u00e7aba ediyor. Persepolis kendine yak\u0131\u015f\u0131r oyunculardan kurulu, m\u00fctevaz\u0131 bir ekip. B\u00fct\u00e7emiz \u00e7er\u00e7evesinde elimizden gelenin en d\u00fczg\u00fcn\u00fcn\u00fc yap\u0131p, taraftarlar\u0131m\u0131z\u0131 memnun etmek istiyoruz.&#8221; tabirlerini kulland\u0131.<\/p>\n<p> <strong>T\u00dcRK\u0130YE&#8217;DEN TRANSFER<\/strong><\/p>\n<p> Kartal, T\u00fcrkiye&#8217;den transfer yaparak kadroyu g\u00fc\u00e7lendirebileceklerini lisana getirdi.<\/p>\n<p> Serdar Dursun&#8217;u tak\u0131m\u0131na katan Persepolis&#8217;in T\u00fcrkiye&#8217;den \u00f6teki oyuncularla da ilgilendi\u011fine dair \u00e7\u0131kan haberlerin sorulmas\u0131 \u00fczerine Kartal, &#8220;T\u00fcrkiye&#8217;den birka\u00e7 tane tan\u0131d\u0131\u011f\u0131m oyuncu var. Liderimiz ve kul\u00fcb\u00fcm\u00fcz de onlarla temasa ge\u00e7ti. Transfer s\u00fcrecinde ne ya\u015fanaca\u011f\u0131 muhakkak olmuyor. \u0130mza at\u0131l\u0131ncaya kadar biz de bekliyoruz. \u0130n\u015fallah g\u00fczeli olur.&#8221; yan\u0131t\u0131n\u0131 verdi.<\/p>\n<\/div>\n","protected":false},"excerpt":{"rendered":"<p>Persepolis Teknik Y\u00f6neticisi \u0130smail Kartal, Serdar Dursun&#8217;un akabinde T\u00fcrkiye&#8217;den transferler olabilece\u011fini s\u00f6yledi.<\/p>\n","protected":false},"author":1,"featured_media":12301,"comment_status":"open","ping_status":"open","sticky":false,"template":"","format":"standard","meta":{"footnotes":""},"categories":[25],"tags":[1342,51,49,1188,52],"class_list":["post-12300","post","type-post","status-publish","format-standard","has-post-thumbnail","hentry","category-futbol","tag-kartal","tag-lig","tag-oyuncu","tag-pers","tag-takim"],"_links":{"self":[{"href":"https:\/\/haberbesiktas.tr\/index.php?rest_route=\/wp\/v2\/posts\/12300","targetHints":{"allow":["GET"]}}],"collection":[{"href":"https:\/\/haberbesiktas.tr\/index.php?rest_route=\/wp\/v2\/posts"}],"about":[{"href":"https:\/\/haberbesiktas.tr\/index.php?rest_route=\/wp\/v2\/types\/post"}],"author":[{"embeddable":true,"href":"https:\/\/haberbesiktas.tr\/index.php?rest_route=\/wp\/v2\/users\/1"}],"replies":[{"embeddable":true,"href":"https:\/\/haberbesiktas.tr\/index.php?rest_route=%2Fwp%2Fv2%2Fcomments&post=12300"}],"version-history":[{"count":1,"href":"https:\/\/haberbesiktas.tr\/index.php?rest_route=\/wp\/v2\/posts\/12300\/revisions"}],"predecessor-version":[{"id":12302,"href":"https:\/\/haberbesiktas.tr\/index.php?rest_route=\/wp\/v2\/posts\/12300\/revisions\/12302"}],"wp:featuredmedia":[{"embeddable":true,"href":"https:\/\/haberbesiktas.tr\/index.php?rest_route=\/wp\/v2\/media\/12301"}],"wp:attachment":[{"href":"https:\/\/haberbesiktas.tr\/index.php?rest_route=%2Fwp%2Fv2%2Fmedia&parent=12300"}],"wp:term":[{"taxonomy":"category","embeddable":true,"href":"https:\/\/haberbesiktas.tr\/index.php?rest_route=%2Fwp%2Fv2%2Fcategories&post=12300"},{"taxonomy":"post_tag","embeddable":true,"href":"https:\/\/haberbesiktas.tr\/index.php?rest_route=%2Fwp%2Fv2%2Ftags&post=12300"}],"curies":[{"name":"wp","href":"https:\/\/api.w.org\/{rel}","templated":true}]}}