{"id":12312,"date":"2025-02-26T17:24:06","date_gmt":"2025-02-26T17:24:06","guid":{"rendered":"https:\/\/haberbesiktas.tr\/?p=12312"},"modified":"2025-02-26T17:24:06","modified_gmt":"2025-02-26T17:24:06","slug":"burak-yilmazin-tercihi-merih-demiral","status":"publish","type":"post","link":"https:\/\/haberbesiktas.tr\/?p=12312","title":{"rendered":"Burak Y\u0131lmaz&#8217;\u0131n tercihi Merih Demiral"},"content":{"rendered":"<div>Kas\u0131mpa\u015fa Teknik Y\u00f6neticisi Burak Y\u0131lmaz, Anadolu Ajans\u0131n\u0131n (AA) g\u00f6z\u00fcnden 2024&#8217;e damga vuran olaylara ili\u015fkin ve ya\u015fama dair foto\u011fraflar\u0131n yer ald\u0131\u011f\u0131 &#8220;Y\u0131l\u0131n Kareleri&#8221; oylamas\u0131na kat\u0131ld\u0131.<\/p>\n<p> Y\u0131lmaz, AA muhabirleri ve foto muhabirlerinin yurt i\u00e7inde ve yurt d\u0131\u015f\u0131nda 2024 y\u0131l\u0131 boyunca \u00e7ekti\u011fi, &#8220;Roketsan, Turkcell Lifebox ve Sony&#8221; katk\u0131lar\u0131yla haz\u0131rlanan &#8220;Haber&#8221;, &#8220;Do\u011fal \u00d6m\u00fcr ve \u00c7evre&#8221;, &#8220;Spor&#8221; ve &#8220;G\u00fcnl\u00fck Hayat&#8221; kategorilerindeki foto\u011fraflar\u0131 inceledi.<\/p>\n<p> Burak Y\u0131lmaz, spor kategorisinde oyunu ulusal futbolcu Merih Demiral&#8217;\u0131n 2024 Avrupa \u015eampiyonas\u0131&#8217;nda Avusturya ile yap\u0131lan ma\u00e7ta att\u0131\u011f\u0131 gol\u00fcn akabinde bozkurt hareketi yaparak sevincini payla\u015ft\u0131\u011f\u0131 foto\u011fraftan yana kulland\u0131. Y\u0131lmaz, O\u011fuz Yeter&#8217;in &#8220;Gol sevinci&#8221; isimli foto\u011fraf\u0131 i\u00e7in, &#8220;Avrupa \u015eampiyonas\u0131&#8217;nda at\u0131lm\u0131\u015f \u00e7ok pahal\u0131 ve de\u011ferli bir gol. Hem bizi \u00e7ok keyifli etti hem de \u00fclkemiz i\u00e7in yap\u0131lm\u0131\u015f en b\u00fcy\u00fck etkinliklerden birinde at\u0131lm\u0131\u015f bir gol. Merih Demiral&#8217;\u0131 da \u00e7ok sevdi\u011fim i\u00e7in bu foto\u011fraf\u0131 oyluyorum.&#8221; s\u00f6zlerini kulland\u0131.<\/p>\n<p> Haber kategorisinde Ali Jadallah&#8217;\u0131n objektifine yans\u0131yan &#8220;O bak\u0131\u015f&#8221; isimli foto\u011fraf\u0131 se\u00e7en 39 ya\u015f\u0131ndaki teknik adam, G\u00fcnl\u00fck hayat kategorisinde Osmancan G\u00fcrdo\u011fan&#8217;\u0131n &#8220;Madenciler&#8221;, Do\u011fal Hayat ve Etraf kategorisinde ise Lukas Kabon&#8217;un &#8220;Kurtar\u0131lan Can&#8221; foto\u011fraf\u0131na oyunu verdi.<\/p>\n<p><img decoding=\"async\" src=\"https:\/\/haberbesiktas.tr\/wp-content\/uploads\/2025\/02\/burak-yilmazin-tercihi-merih-demiral-0-gg7wmWiE.jpg\"\/><\/p>\n<\/div>\n","protected":false},"excerpt":{"rendered":"<p>Burak Y\u0131lmaz, AA&#8217;n\u0131n Y\u0131l\u0131n kareleri oylamas\u0131na kat\u0131ld\u0131. Burak Y\u0131lmaz, spor kategorisinde se\u00e7imini Merih Demiral&#8217;dan yana kulland\u0131.<\/p>\n","protected":false},"author":1,"featured_media":12313,"comment_status":"open","ping_status":"open","sticky":false,"template":"","format":"standard","meta":{"footnotes":""},"categories":[25],"tags":[206],"class_list":["post-12312","post","type-post","status-publish","format-standard","has-post-thumbnail","hentry","category-futbol","tag-foto"],"_links":{"self":[{"href":"https:\/\/haberbesiktas.tr\/index.php?rest_route=\/wp\/v2\/posts\/12312","targetHints":{"allow":["GET"]}}],"collection":[{"href":"https:\/\/haberbesiktas.tr\/index.php?rest_route=\/wp\/v2\/posts"}],"about":[{"href":"https:\/\/haberbesiktas.tr\/index.php?rest_route=\/wp\/v2\/types\/post"}],"author":[{"embeddable":true,"href":"https:\/\/haberbesiktas.tr\/index.php?rest_route=\/wp\/v2\/users\/1"}],"replies":[{"embeddable":true,"href":"https:\/\/haberbesiktas.tr\/index.php?rest_route=%2Fwp%2Fv2%2Fcomments&post=12312"}],"version-history":[{"count":1,"href":"https:\/\/haberbesiktas.tr\/index.php?rest_route=\/wp\/v2\/posts\/12312\/revisions"}],"predecessor-version":[{"id":12315,"href":"https:\/\/haberbesiktas.tr\/index.php?rest_route=\/wp\/v2\/posts\/12312\/revisions\/12315"}],"wp:featuredmedia":[{"embeddable":true,"href":"https:\/\/haberbesiktas.tr\/index.php?rest_route=\/wp\/v2\/media\/12313"}],"wp:attachment":[{"href":"https:\/\/haberbesiktas.tr\/index.php?rest_route=%2Fwp%2Fv2%2Fmedia&parent=12312"}],"wp:term":[{"taxonomy":"category","embeddable":true,"href":"https:\/\/haberbesiktas.tr\/index.php?rest_route=%2Fwp%2Fv2%2Fcategories&post=12312"},{"taxonomy":"post_tag","embeddable":true,"href":"https:\/\/haberbesiktas.tr\/index.php?rest_route=%2Fwp%2Fv2%2Ftags&post=12312"}],"curies":[{"name":"wp","href":"https:\/\/api.w.org\/{rel}","templated":true}]}}