{"id":12316,"date":"2025-02-26T18:00:05","date_gmt":"2025-02-26T18:00:05","guid":{"rendered":"https:\/\/haberbesiktas.tr\/?p=12316"},"modified":"2025-02-26T18:00:05","modified_gmt":"2025-02-26T18:00:05","slug":"rapor-fenerbahcenin-avrupa-ligi-karnesi","status":"publish","type":"post","link":"https:\/\/haberbesiktas.tr\/?p=12316","title":{"rendered":"RAPOR: Fenerbah\u00e7e&#8217;nin Avrupa Ligi karnesi"},"content":{"rendered":"<div>UEFA Avrupa Ligi&#8217;ndeki 8 ma\u00e7ta 10 puan toplayan Fenerbah\u00e7e, lig evresini 24. s\u0131rada tamamlayarak \u00fcst tipe y\u00fckseldi.<\/p>\n<p> UEFA Avrupa Ligi&#8217;nde son ma\u00e7\u0131nda Danimarka&#8217;n\u0131n Midtjylland tak\u0131m\u0131yla deplasmanda 2-2 berabere kalan Jose Mourinho&#8217;nun \u00f6\u011frencileri, lig etab\u0131n\u0131 10 puanla 24. s\u0131rada tamamlayarak bir \u00fcst \u00e7e\u015fitte Bodo Glimt ya da Anderlecht ile e\u015fle\u015fecek.<\/p>\n<p> <strong>4 oyuncu her ma\u00e7ta sahadayd\u0131<\/strong><\/p>\n<p> Fenerbah\u00e7e&#8217;de 4 isim, UEFA Avrupa Ligi&#8217;ndeki her ma\u00e7ta forma giydi.<\/p>\n<p> Sebastian Szymanski, Dusan Tadic, Youssef En-Nesyri ile Edin Dzeko, Fenerbah\u00e7e&#8217;nin bu d\u00f6nem UEFA Avrupa Ligi&#8217;ndeki 8 ma\u00e7\u0131nda da alana \u00e7\u0131kt\u0131.<\/p>\n<p> Szymanski, 633 dakika forma giyerek Fenerbah\u00e7e&#8217;nin UEFA Avrupa Ligi&#8217;nde en fazla oynayan ismi olurken Dusan Tadic 608 dakika, Youssef En-Nesyri 514 dakika ve Edin Dzeko 357 dakika alanda kald\u0131.<\/p>\n<p> <strong>En golc\u00fc isim En-Nesyri<\/strong><\/p>\n<p> Fenerbah\u00e7e&#8217;nin Fasl\u0131 golc\u00fcs\u00fc En-Nesyri, sar\u0131-lacivertli grubun UEFA Avrupa Ligi&#8217;ndeki en golc\u00fc ismi oldu.<\/p>\n<p> Midtjylland kar\u015f\u0131s\u0131nda Edin Dzeko&#8217;nun pas\u0131nda rakip fileleri havaland\u0131ran En-Nesyri, 8. ma\u00e7\u0131nda 4. gol\u00fcn\u00fc kaydederken sar\u0131-lacivertli tak\u0131m\u0131n de Avrupa&#8217;daki en golc\u00fc oyuncusu oldu.<\/p>\n<p> En-Nesyri, ligde Manchester United, AZ Alkmaar ve Slavia Prag&#8217;a kar\u015f\u0131 da gol sevinci ya\u015fad\u0131.<\/p>\n<p> Midtjylland deplasman\u0131nda grubunun ikinci gol\u00fcn\u00fc atan Edin Dzeko ise Fenerbah\u00e7e&#8217;ye Avrupa&#8217;da 2 goll\u00fck katk\u0131 verdi. Dzeko ligdeki birinci gol\u00fcn\u00fc Slavia Prag&#8217;a att\u0131.<\/p>\n<p> Fenerbah\u00e7e&#8217;nin lig kademesindeki ba\u015fka golleri \u00c7a\u011flar S\u00f6y\u00fcnc\u00fc ve Dusan Tadic&#8217;ten geldi. Sar\u0131-lacivertli grubun bir ba\u015fka gol\u00fc isi rakibin kendi kalesine atmas\u0131 sonucu geldi. Lig basama\u011f\u0131n\u0131n birinci haftas\u0131nda Union Saint-Gilloise formas\u0131 giyen Burgess, ligin birinci haftas\u0131nda topu kendi a\u011flar\u0131na g\u00f6nderdi.<\/p>\n<p> <strong>1 ma\u00e7ta gol yemedi<\/strong><\/p>\n<p> UEFA Avrupa Ligi&#8217;nin lig kademesinde oynad\u0131\u011f\u0131 8 ma\u00e7\u0131n 7&#8217;sinde kalesinde gol g\u00f6ren Fenerbah\u00e7e, s\u0131rf i\u00e7 alanda kar\u015f\u0131la\u015ft\u0131\u011f\u0131 Lyon kar\u015f\u0131la\u015fmas\u0131nda kalesini kapatabildi.<\/p>\n<p> Jose Mourinho&#8217;nun tak\u0131m\u0131, Frans\u0131z temsilcisi kar\u015f\u0131s\u0131nda alandan 0-0&#8217;l\u0131k beraberlikle ayr\u0131l\u0131rken gol yemedi.<\/p>\n<p> Fenerbah\u00e7e, lig evresindeki Union Saint-Gilloise, Twente, Manchester United, AZ Alkmaar, Slavia Prag, Athletic Bilao ve Midtjylland ma\u00e7lar\u0131nda me\u015fin yuvarla\u011f\u0131 kalesinden en az 1 sefer \u00e7\u0131kar\u0131rken toplamda 11 gol yedi.<\/p>\n<p> <strong>Mourinho 2 ma\u00e7ta cezal\u0131yd\u0131<\/strong><\/p>\n<p> Fenerbah\u00e7e Teknik Y\u00f6neticisi Jose Mourinho, lig etab\u0131nda oynanan 8 ma\u00e7\u0131n 6&#8217;s\u0131nda ekibinin ba\u015f\u0131nda alana \u00e7\u0131kamad\u0131.<\/p>\n<p> \u0130\u00e7 alanda oynanan Manchester United kar\u015f\u0131la\u015fmas\u0131nda g\u00f6rd\u00fc\u011f\u00fc k\u0131rm\u0131z\u0131 kart sebebiyle Hollanda&#8217;daki AZ Alkmaar kar\u015f\u0131la\u015fmas\u0131n\u0131 trib\u00fcnden takip eden Mourinho, d\u00fcn oynanan Midtjylland m\u00fcsabakas\u0131nda da cezal\u0131yd\u0131.<\/p>\n<p> Sar\u0131-lacivertli ekibin Olimpik Lyon ma\u00e7\u0131n\u0131n ikinci yar\u0131s\u0131na ge\u00e7 \u00e7\u0131kmas\u0131 sebebiyle UEFA taraf\u0131ndan 1 ma\u00e7la cezaland\u0131r\u0131lan Jose Mourinho, Midtjylland ma\u00e7\u0131n\u0131 da trib\u00fcnden izledi.<\/p>\n<\/div>\n","protected":false},"excerpt":{"rendered":"<p>Fenerbah\u00e7e, UEFA Avrupa Ligi&#8217;nde yoluna 24. s\u0131radan devam etti. Fenerbah\u00e7e&#8217;de rakip fileleri 4 defa havaland\u0131ran En-Nesyri, grubunun bu kulvardaki en golc\u00fc ismi oldu<\/p>\n","protected":false},"author":1,"featured_media":12317,"comment_status":"open","ping_status":"open","sticky":false,"template":"","format":"standard","meta":{"footnotes":""},"categories":[25],"tags":[135,115,77,51,704],"class_list":["post-12316","post","type-post","status-publish","format-standard","has-post-thumbnail","hentry","category-futbol","tag-en-nesyri","tag-fenerbahce","tag-gol","tag-lig","tag-mourinho"],"_links":{"self":[{"href":"https:\/\/haberbesiktas.tr\/index.php?rest_route=\/wp\/v2\/posts\/12316","targetHints":{"allow":["GET"]}}],"collection":[{"href":"https:\/\/haberbesiktas.tr\/index.php?rest_route=\/wp\/v2\/posts"}],"about":[{"href":"https:\/\/haberbesiktas.tr\/index.php?rest_route=\/wp\/v2\/types\/post"}],"author":[{"embeddable":true,"href":"https:\/\/haberbesiktas.tr\/index.php?rest_route=\/wp\/v2\/users\/1"}],"replies":[{"embeddable":true,"href":"https:\/\/haberbesiktas.tr\/index.php?rest_route=%2Fwp%2Fv2%2Fcomments&post=12316"}],"version-history":[{"count":1,"href":"https:\/\/haberbesiktas.tr\/index.php?rest_route=\/wp\/v2\/posts\/12316\/revisions"}],"predecessor-version":[{"id":12318,"href":"https:\/\/haberbesiktas.tr\/index.php?rest_route=\/wp\/v2\/posts\/12316\/revisions\/12318"}],"wp:featuredmedia":[{"embeddable":true,"href":"https:\/\/haberbesiktas.tr\/index.php?rest_route=\/wp\/v2\/media\/12317"}],"wp:attachment":[{"href":"https:\/\/haberbesiktas.tr\/index.php?rest_route=%2Fwp%2Fv2%2Fmedia&parent=12316"}],"wp:term":[{"taxonomy":"category","embeddable":true,"href":"https:\/\/haberbesiktas.tr\/index.php?rest_route=%2Fwp%2Fv2%2Fcategories&post=12316"},{"taxonomy":"post_tag","embeddable":true,"href":"https:\/\/haberbesiktas.tr\/index.php?rest_route=%2Fwp%2Fv2%2Ftags&post=12316"}],"curies":[{"name":"wp","href":"https:\/\/api.w.org\/{rel}","templated":true}]}}