{"id":12359,"date":"2025-02-26T21:48:07","date_gmt":"2025-02-26T21:48:07","guid":{"rendered":"https:\/\/haberbesiktas.tr\/?p=12359"},"modified":"2025-02-26T21:48:07","modified_gmt":"2025-02-26T21:48:07","slug":"canli-sampiyonlar-liginde-kura-cekimi","status":"publish","type":"post","link":"https:\/\/haberbesiktas.tr\/?p=12359","title":{"rendered":"CANLI: \u015eampiyonlar Ligi&#8217;nde kura \u00e7ekimi"},"content":{"rendered":"<div>UEFA \u015eampiyonlar Ligi&#8217;nde son 16 play-off tipi kura \u00e7ekimi ger\u00e7ekle\u015ftiriliyor.<\/p>\n<p> UEFA \u015eampiyonlar Ligi&#8217;nde play-off tipinde ma\u00e7lar, 11-12 \u015eubat ve 18-19 \u015eubat tarihlerinde oynanacak.<\/p>\n<p><strong>KURA \u00c7EK\u0130M\u0130 NASIL OLACAK?<\/strong><\/p>\n<p><span>Kura \u00e7ekiminde 9 ile 16. s\u0131ra ortas\u0131nda yer alan ekipler, seri ba\u015f\u0131 olacaklar ve 17-24 ortas\u0131nda yer alan gruplarla kar\u015f\u0131la\u015facaklar. (\u00d6rne\u011fin 9 yahut 10. s\u0131rada yer alan ekipler 23 yahut 24. s\u0131rada yer alan ekiple kar\u015f\u0131la\u015facak. 11 yahut 12. s\u0131rada yer alan ekipler ise 22 yahut 21. s\u0131radaki kadrolarla kar\u015f\u0131la\u015facak. E\u015fle\u015fmeler bu formda belirlenecek.)<\/span><\/p>\n<p> <strong>PLAY-OFF OYNAYACAK TAKIMLAR<\/strong><\/p>\n<p> Atalanta<br \/>Borussia Dortmund<br \/>Real Madrid<br \/>Bayern M\u00fcnih<br \/>Milan<br \/>PSV<br \/>PSG<br \/>Benfica<br \/>Monaco<br \/>Brest<br \/>Feyenoord<br \/>Juventus<br \/>Celtic<br \/>Manchester City<br \/>Sporting<br \/>Club Brugge<\/p>\n<p><strong>SER\u0130 BA\u015eI OLAN TAKIMLAR<\/strong><\/p>\n<p> Atalanta<br \/>Borussia Dortmund<br \/>Real Madrid<br \/>Bayern M\u00fcnih<br \/>Milan<br \/>PSV Eindhoven<br \/>Paris Saint-Germain<br \/>Benfica<\/p>\n<p> <strong>SER\u0130 BA\u015eI OLMAYAN TAKIMLAR<\/strong><\/p>\n<p> Monaco<br \/>Brest<br \/>Feyenoord<br \/>Juventus<br \/>Celtic<br \/>Manchester City<br \/>Sportig<br \/>Club Brugge<\/p>\n<p><img decoding=\"async\" src=\"https:\/\/haberbesiktas.tr\/wp-content\/uploads\/2025\/02\/canli-sampiyonlar-liginde-kura-cekimi-0-Gxauz9qG.jpg\"\/><\/p>\n<\/div>\n","protected":false},"excerpt":{"rendered":"<p>UEFA \u015eampiyonlar Ligi&#8217;nde son 16 \u00e7e\u015fidi kura \u00e7ekimi ger\u00e7ekle\u015ftiriliyor.<\/p>\n","protected":false},"author":1,"featured_media":12360,"comment_status":"open","ping_status":"open","sticky":false,"template":"","format":"standard","meta":{"footnotes":""},"categories":[25],"tags":[1135],"class_list":["post-12359","post","type-post","status-publish","format-standard","has-post-thumbnail","hentry","category-futbol","tag-sira"],"_links":{"self":[{"href":"https:\/\/haberbesiktas.tr\/index.php?rest_route=\/wp\/v2\/posts\/12359","targetHints":{"allow":["GET"]}}],"collection":[{"href":"https:\/\/haberbesiktas.tr\/index.php?rest_route=\/wp\/v2\/posts"}],"about":[{"href":"https:\/\/haberbesiktas.tr\/index.php?rest_route=\/wp\/v2\/types\/post"}],"author":[{"embeddable":true,"href":"https:\/\/haberbesiktas.tr\/index.php?rest_route=\/wp\/v2\/users\/1"}],"replies":[{"embeddable":true,"href":"https:\/\/haberbesiktas.tr\/index.php?rest_route=%2Fwp%2Fv2%2Fcomments&post=12359"}],"version-history":[{"count":1,"href":"https:\/\/haberbesiktas.tr\/index.php?rest_route=\/wp\/v2\/posts\/12359\/revisions"}],"predecessor-version":[{"id":12362,"href":"https:\/\/haberbesiktas.tr\/index.php?rest_route=\/wp\/v2\/posts\/12359\/revisions\/12362"}],"wp:featuredmedia":[{"embeddable":true,"href":"https:\/\/haberbesiktas.tr\/index.php?rest_route=\/wp\/v2\/media\/12360"}],"wp:attachment":[{"href":"https:\/\/haberbesiktas.tr\/index.php?rest_route=%2Fwp%2Fv2%2Fmedia&parent=12359"}],"wp:term":[{"taxonomy":"category","embeddable":true,"href":"https:\/\/haberbesiktas.tr\/index.php?rest_route=%2Fwp%2Fv2%2Fcategories&post=12359"},{"taxonomy":"post_tag","embeddable":true,"href":"https:\/\/haberbesiktas.tr\/index.php?rest_route=%2Fwp%2Fv2%2Ftags&post=12359"}],"curies":[{"name":"wp","href":"https:\/\/api.w.org\/{rel}","templated":true}]}}