{"id":12363,"date":"2025-02-26T22:12:05","date_gmt":"2025-02-26T22:12:05","guid":{"rendered":"https:\/\/haberbesiktas.tr\/?p=12363"},"modified":"2025-02-26T22:12:05","modified_gmt":"2025-02-26T22:12:05","slug":"fenerbahce-bekoda-ayrilik","status":"publish","type":"post","link":"https:\/\/haberbesiktas.tr\/?p=12363","title":{"rendered":"Fenerbah\u00e7e Beko&#8217;da ayr\u0131l\u0131k"},"content":{"rendered":"<div><span>Fenerbah\u00e7e Beko, tak\u0131m\u0131na 2024 y\u0131l\u0131n\u0131n ekim ay\u0131nda kat\u0131lan Skylar Mays ile yollar\u0131n\u0131 ay\u0131rd\u0131\u011f\u0131n\u0131 a\u00e7\u0131klad\u0131.<\/p>\n<p><span>Sar\u0131-Lacivertli kul\u00fcpten yap\u0131lan a\u00e7\u0131klamada\u00a0 &#8220;Fenerbah\u00e7e Beko tak\u0131m\u0131na 2024 y\u0131l\u0131n\u0131n Ekim ay\u0131nda kat\u0131lan atletimiz Skylar Mays ile yollar\u0131m\u0131z ayr\u0131lm\u0131\u015ft\u0131r. Skylar Mays&#8217;e ekibimize yapt\u0131\u011f\u0131 katk\u0131lar i\u00e7in te\u015fekk\u00fcr ediyor, mesle\u011finin bundan sonraki devri i\u00e7in kendisine muvaffakiyetler diliyoruz.&#8221; tabirleri yer ald\u0131.<\/span><br \/><\/span><\/div>\n","protected":false},"excerpt":{"rendered":"<p>Fenerbah\u00e7e Beko, tak\u0131m\u0131na 2024 y\u0131l\u0131n\u0131n ekim ay\u0131nda kat\u0131lan Skylar Mays ile yollar\u0131n\u0131 ay\u0131rd\u0131\u011f\u0131n\u0131 duyurdu.<\/p>\n","protected":false},"author":1,"featured_media":12364,"comment_status":"open","ping_status":"open","sticky":false,"template":"","format":"standard","meta":{"footnotes":""},"categories":[10],"tags":[],"class_list":["post-12363","post","type-post","status-publish","format-standard","has-post-thumbnail","hentry","category-basketbol"],"_links":{"self":[{"href":"https:\/\/haberbesiktas.tr\/index.php?rest_route=\/wp\/v2\/posts\/12363","targetHints":{"allow":["GET"]}}],"collection":[{"href":"https:\/\/haberbesiktas.tr\/index.php?rest_route=\/wp\/v2\/posts"}],"about":[{"href":"https:\/\/haberbesiktas.tr\/index.php?rest_route=\/wp\/v2\/types\/post"}],"author":[{"embeddable":true,"href":"https:\/\/haberbesiktas.tr\/index.php?rest_route=\/wp\/v2\/users\/1"}],"replies":[{"embeddable":true,"href":"https:\/\/haberbesiktas.tr\/index.php?rest_route=%2Fwp%2Fv2%2Fcomments&post=12363"}],"version-history":[{"count":1,"href":"https:\/\/haberbesiktas.tr\/index.php?rest_route=\/wp\/v2\/posts\/12363\/revisions"}],"predecessor-version":[{"id":12365,"href":"https:\/\/haberbesiktas.tr\/index.php?rest_route=\/wp\/v2\/posts\/12363\/revisions\/12365"}],"wp:featuredmedia":[{"embeddable":true,"href":"https:\/\/haberbesiktas.tr\/index.php?rest_route=\/wp\/v2\/media\/12364"}],"wp:attachment":[{"href":"https:\/\/haberbesiktas.tr\/index.php?rest_route=%2Fwp%2Fv2%2Fmedia&parent=12363"}],"wp:term":[{"taxonomy":"category","embeddable":true,"href":"https:\/\/haberbesiktas.tr\/index.php?rest_route=%2Fwp%2Fv2%2Fcategories&post=12363"},{"taxonomy":"post_tag","embeddable":true,"href":"https:\/\/haberbesiktas.tr\/index.php?rest_route=%2Fwp%2Fv2%2Ftags&post=12363"}],"curies":[{"name":"wp","href":"https:\/\/api.w.org\/{rel}","templated":true}]}}