{"id":12403,"date":"2025-02-27T01:36:07","date_gmt":"2025-02-27T01:36:07","guid":{"rendered":"https:\/\/haberbesiktas.tr\/?p=12403"},"modified":"2025-02-27T01:36:07","modified_gmt":"2025-02-27T01:36:07","slug":"fenerbahce-ognjen-mimovici-acikladi","status":"publish","type":"post","link":"https:\/\/haberbesiktas.tr\/?p=12403","title":{"rendered":"Fenerbah\u00e7e, Ognjen Mimovic&#8217;i a\u00e7\u0131klad\u0131!"},"content":{"rendered":"<div>Fenerbah\u00e7e; Diego Carlos, Milan Skriniar ve Anderson Talisca&#8217;n\u0131n akabinde bir transferde daha memnun sona ula\u015ft\u0131.<\/p>\n<p> Sar\u0131-lacivertli tak\u0131m, K\u0131z\u0131ly\u0131ld\u0131z&#8217;da forma giyen Ognjen Mimovic&#8217;in transferini bitirdi.<\/p>\n<p> Fenerbah\u00e7e, Mimovic i\u00e7in muahede sa\u011fland\u0131\u011f\u0131n\u0131 duyurdu. Mimovic, transferi tamamlamak i\u00e7in \u0130stanbul&#8217;a geldi. S\u0131rp futbolcu, havaliman\u0131nda bas\u0131n mensuplar\u0131n\u0131n sorular\u0131n\u0131 kar\u015f\u0131l\u0131ks\u0131z b\u0131rakt\u0131.<\/p>\n<p><img decoding=\"async\" src=\"https:\/\/haberbesiktas.tr\/wp-content\/uploads\/2025\/02\/fenerbahce-ognjen-mimovici-acikladi-0-VsNiz416.jpg\"\/><\/p>\n<p> <strong>\u00d6DENECEK BONSERV\u0130S BEDEL\u0130<\/strong><\/p>\n<p> 20 ya\u015f\u0131ndaki S\u0131rp sa\u011f bek 4.5 y\u0131ll\u0131k kontrat imzaya atacak.<\/p>\n<p> Fenerbah\u00e7e, K\u0131z\u0131ly\u0131ld\u0131z&#8217;a 8.5 milyon euro bonservis bedeli \u00f6deyecek ve bir sonraki transferden y\u00fczde 15 hisse verecek.\u00a0<\/p>\n<p><img decoding=\"async\" src=\"https:\/\/haberbesiktas.tr\/wp-content\/uploads\/2025\/02\/fenerbahce-ognjen-mimovici-acikladi-1-Detelq2c.jpg\"\/><\/p>\n<p><strong>MIMOVIC K\u0130MD\u0130R?<\/strong><\/p>\n<p> Ognjen Mimovic, 17 A\u011fustos 2004&#8217;te S\u0131rbistan&#8217;da d\u00fcnyaya geldi.<\/p>\n<p> S\u0131rbistanl\u0131 sa\u011f bek, A ekibe y\u00fckselmeden evvel s\u0131ras\u0131yla Metalac, K\u0131z\u0131ly\u0131ld\u0131z, Graficar ve tekrar K\u0131z\u0131ly\u0131ld\u0131z&#8217;\u0131n altyap\u0131 gruplar\u0131nda forma giydi.<\/p>\n<p> OFK Belgrad ekibine 2022-23 d\u00f6neminde bonservisi kiralanan Mimovic, 2023-24 d\u00f6neminden bu yana mesle\u011fine K\u0131z\u0131ly\u0131ld\u0131z formas\u0131yla devam ediyor.<\/p>\n<p> S\u0131rbistan 21 Ya\u015f Alt\u0131 Ulusal Ekibinin formas\u0131n\u0131 da giyen Mimovic, mesle\u011finde S\u0131rbistan S\u00fcper Ligi, S\u0131rbistan Kupas\u0131, S\u0131rbistan 2. Ligi ve S\u0131rbistan 19 Ya\u015f Alt\u0131 Ligi \u015fampiyonluklar\u0131 ya\u015fad\u0131.<\/p>\n<p> Bu sezon \u015eampiyonlar Ligi elemeleri ve lig evresinin yan\u0131 s\u0131ra S\u0131rbistan Harika Ligi&#8217;nde toplam 19 ma\u00e7ta forma giyen 20 ya\u015f\u0131ndaki futbolcu, 1 gol, 2 asistlik performans ortaya koydu.<\/p>\n<div>\u00a0<\/div>\n<\/div>\n","protected":false},"excerpt":{"rendered":"<p>Fenerbah\u00e7e, K\u0131z\u0131ly\u0131ld\u0131z kadrosunda forma giyen Ognjen Mimovic&#8217;in transferi i\u00e7in mutabakat sa\u011fland\u0131\u011f\u0131n\u0131 a\u00e7\u0131klad\u0131. Mimovic, imza i\u00e7in \u0130stanbul&#8217;a geldi.<\/p>\n","protected":false},"author":1,"featured_media":12404,"comment_status":"open","ping_status":"open","sticky":false,"template":"","format":"standard","meta":{"footnotes":""},"categories":[25],"tags":[810,464,1332,670,475],"class_list":["post-12403","post","type-post","status-publish","format-standard","has-post-thumbnail","hentry","category-futbol","tag-kizilyildiz","tag-ligi","tag-mimovic","tag-sirbistan","tag-yas"],"_links":{"self":[{"href":"https:\/\/haberbesiktas.tr\/index.php?rest_route=\/wp\/v2\/posts\/12403","targetHints":{"allow":["GET"]}}],"collection":[{"href":"https:\/\/haberbesiktas.tr\/index.php?rest_route=\/wp\/v2\/posts"}],"about":[{"href":"https:\/\/haberbesiktas.tr\/index.php?rest_route=\/wp\/v2\/types\/post"}],"author":[{"embeddable":true,"href":"https:\/\/haberbesiktas.tr\/index.php?rest_route=\/wp\/v2\/users\/1"}],"replies":[{"embeddable":true,"href":"https:\/\/haberbesiktas.tr\/index.php?rest_route=%2Fwp%2Fv2%2Fcomments&post=12403"}],"version-history":[{"count":1,"href":"https:\/\/haberbesiktas.tr\/index.php?rest_route=\/wp\/v2\/posts\/12403\/revisions"}],"predecessor-version":[{"id":12407,"href":"https:\/\/haberbesiktas.tr\/index.php?rest_route=\/wp\/v2\/posts\/12403\/revisions\/12407"}],"wp:featuredmedia":[{"embeddable":true,"href":"https:\/\/haberbesiktas.tr\/index.php?rest_route=\/wp\/v2\/media\/12404"}],"wp:attachment":[{"href":"https:\/\/haberbesiktas.tr\/index.php?rest_route=%2Fwp%2Fv2%2Fmedia&parent=12403"}],"wp:term":[{"taxonomy":"category","embeddable":true,"href":"https:\/\/haberbesiktas.tr\/index.php?rest_route=%2Fwp%2Fv2%2Fcategories&post=12403"},{"taxonomy":"post_tag","embeddable":true,"href":"https:\/\/haberbesiktas.tr\/index.php?rest_route=%2Fwp%2Fv2%2Ftags&post=12403"}],"curies":[{"name":"wp","href":"https:\/\/api.w.org\/{rel}","templated":true}]}}