{"id":12443,"date":"2025-02-27T05:12:09","date_gmt":"2025-02-27T05:12:09","guid":{"rendered":"https:\/\/haberbesiktas.tr\/?p=12443"},"modified":"2025-02-27T05:12:09","modified_gmt":"2025-02-27T05:12:09","slug":"yunus-akgunden-sok-talep","status":"publish","type":"post","link":"https:\/\/haberbesiktas.tr\/?p=12443","title":{"rendered":"Yunus Akg\u00fcn&#8217;den \u015fok talep!"},"content":{"rendered":"<p>Galatasaray formas\u0131 giyen Yunus Akg\u00fcn i\u00e7in fla\u015f bir arg\u00fcman g\u00fcndeme geldi.<\/p>\n<p> 343 Digital Youtube kanal\u0131nda konu\u015fan Haluk Y\u00fcrekli, ulusal futbolcunun yeni mukavele i\u00e7in Galatasaray&#8217;dan 3 milyon euro istedi\u011fini sav etti.<\/p>\n<p> <strong>Haluk Y\u00fcrekli&#8217;nin o s\u00f6zleri \u015fu halde:<\/strong><\/p>\n<p> &#8220;Yunus Akg\u00fcn, sen 3 milyon euro istemek i\u00e7in daha var\u0131n\u0131 a\u011f\u0131r\u0131 ortaya koyacaks\u0131n. Sen y\u00f6netici olarak masaya yumru\u011funu vuram\u0131yorsun. Bir yerde birisi \u00e7\u0131kar, masaya yumru\u011funu vurur, ne yapaca\u011f\u0131n\u0131 \u015fa\u015f\u0131r\u0131rs\u0131n. Hi\u00e7bir oyuncu, Galatasaray&#8217;\u0131n kendisinden b\u00fcy\u00fck de\u011fildir.&#8221;<\/p>\n<p> &#8220;Yunus Akg\u00fcn&#8217;\u00fcn menajeri (Cenk Melih Yaz\u0131c\u0131 &#8211; D&#8217;Avila), &#8216;\u00c7\u0131k\u0131\u015f unsurunu kullan\u0131r\u0131z, Yunus&#8217;u g\u00f6t\u00fcr\u00fcr\u00fcz&#8217; diyormu\u015f. Yunus senin menajerin bunu s\u00f6yl\u00fcyorsa sen de bunun \u00f6n\u00fcne ge\u00e7miyorsan sana hi\u00e7bir \u015fey s\u00f6yleyemem! Menajeri, Galatasaray&#8217;a aba alt\u0131ndan sopa g\u00f6steremez.&#8221;<\/p>\n<p> &#8220;Oyuncular, mukavele g\u00f6r\u00fc\u015fmelerinde i\u015fleri buraya kadar getiriyorsa Allah yollar\u0131n\u0131 a\u00e7\u0131k etsin. Galatasaray taraftar\u0131 futbolculardan \u00e7ok Galatasaray&#8217;\u0131 sever.&#8221;<\/p>\n<p> <strong>BU D\u00d6NEM PERFORMANSI<\/strong><\/p>\n<p> Akt\u00fcel piyasa k\u0131ymeti 11 milyon euro olarak g\u00f6sterilen Yunus Akg\u00fcn&#8217;\u00fcn Galatasaray ile kontrat\u0131 2026 y\u0131l\u0131na kadar devam ediyor.<\/p>\n<p> Galatasaray&#8217;da bu d\u00f6nem 30 ma\u00e7ta m\u00fcddet bulan 24 ya\u015f\u0131ndaki futbolcu, 11 gol att\u0131 ve 7 asist yapt\u0131.<\/p>\n","protected":false},"excerpt":{"rendered":"<p>Yunus Akg\u00fcn&#8217;\u00fcn yeni kontrat i\u00e7in Galatasaray&#8217;dan 3 milyon euro y\u0131ll\u0131k fiyat talep etti\u011fi \u00f6ne s\u00fcr\u00fcld\u00fc.<\/p>\n","protected":false},"author":1,"featured_media":12444,"comment_status":"open","ping_status":"open","sticky":false,"template":"","format":"standard","meta":{"footnotes":""},"categories":[25],"tags":[129,666],"class_list":["post-12443","post","type-post","status-publish","format-standard","has-post-thumbnail","hentry","category-futbol","tag-galatasaray","tag-yunus"],"_links":{"self":[{"href":"https:\/\/haberbesiktas.tr\/index.php?rest_route=\/wp\/v2\/posts\/12443","targetHints":{"allow":["GET"]}}],"collection":[{"href":"https:\/\/haberbesiktas.tr\/index.php?rest_route=\/wp\/v2\/posts"}],"about":[{"href":"https:\/\/haberbesiktas.tr\/index.php?rest_route=\/wp\/v2\/types\/post"}],"author":[{"embeddable":true,"href":"https:\/\/haberbesiktas.tr\/index.php?rest_route=\/wp\/v2\/users\/1"}],"replies":[{"embeddable":true,"href":"https:\/\/haberbesiktas.tr\/index.php?rest_route=%2Fwp%2Fv2%2Fcomments&post=12443"}],"version-history":[{"count":1,"href":"https:\/\/haberbesiktas.tr\/index.php?rest_route=\/wp\/v2\/posts\/12443\/revisions"}],"predecessor-version":[{"id":12445,"href":"https:\/\/haberbesiktas.tr\/index.php?rest_route=\/wp\/v2\/posts\/12443\/revisions\/12445"}],"wp:featuredmedia":[{"embeddable":true,"href":"https:\/\/haberbesiktas.tr\/index.php?rest_route=\/wp\/v2\/media\/12444"}],"wp:attachment":[{"href":"https:\/\/haberbesiktas.tr\/index.php?rest_route=%2Fwp%2Fv2%2Fmedia&parent=12443"}],"wp:term":[{"taxonomy":"category","embeddable":true,"href":"https:\/\/haberbesiktas.tr\/index.php?rest_route=%2Fwp%2Fv2%2Fcategories&post=12443"},{"taxonomy":"post_tag","embeddable":true,"href":"https:\/\/haberbesiktas.tr\/index.php?rest_route=%2Fwp%2Fv2%2Ftags&post=12443"}],"curies":[{"name":"wp","href":"https:\/\/api.w.org\/{rel}","templated":true}]}}