{"id":12458,"date":"2025-02-27T06:24:04","date_gmt":"2025-02-27T06:24:04","guid":{"rendered":"https:\/\/haberbesiktas.tr\/?p=12458"},"modified":"2025-02-27T06:24:04","modified_gmt":"2025-02-27T06:24:04","slug":"galatasaray-morata-icin-milanin-transferini-bekliyor","status":"publish","type":"post","link":"https:\/\/haberbesiktas.tr\/?p=12458","title":{"rendered":"Galatasaray, Morata i\u00e7in Milan&#8217;\u0131n transferini bekliyor"},"content":{"rendered":"<div>Galatasaray&#8217;\u0131n her bahiste mutabakat sa\u011flad\u0131\u011f\u0131 Alvaro Morata transferi i\u00e7in yeni bir geli\u015fme ya\u015fand\u0131.<\/p>\n<p><strong>&#8220;MORATA TRANSFER\u0130 \u015eU AN \u0130\u00c7\u0130N DURDU&#8221;<\/strong><\/p>\n<p>Gianluca Di Marzio&#8217;nun haberine nazaran;\u00a0<span>Alvaro Morata&#8217;n\u0131n Galatasaray&#8217;a transferi \u015fu an i\u00e7in durmu\u015f durumda. Milan, Morata&#8217;n\u0131n yerine bir transfer yapmadan oyuncusunu g\u00f6ndermek istemiyor.<\/p>\n<p><\/span><strong>HEN\u00dcZ MUAHEDE SA\u011eLANMADI<\/strong><\/p>\n<p>Habere nazaran;\u00a0<span><span>Milan, Feyenoord&#8217;dan Santiago Gimenez&#8217;i transfer etmek i\u00e7in g\u00f6r\u00fc\u015fmelerini s\u00fcrd\u00fcr\u00fcyor lakin \u015fimdi Feyenoord ile mutabakat sa\u011flanmad\u0131. \u00d6te yandan\u00a0<span>Milan&#8217;\u0131n \u015eampiyonlar Ligi&#8217;nde Feyenoord ile e\u015fle\u015fmesi i\u015fleri daha \u00e7etrefilli hale getirdi.<\/p>\n<p><strong>NE OLMU\u015eTU?<\/strong><\/p>\n<p>Galatasaray, oyuncu ve kul\u00fcb\u00fc Milan ile yapt\u0131\u011f\u0131 g\u00f6r\u00fc\u015fmelerde her hususta muahede sa\u011flam\u0131\u015ft\u0131. Galatasaray, Morata ile y\u0131ll\u0131k 6 milyon euro&#8217;dan mutabakata var\u0131rken, Milan ile 8 milyon euro mecbur\u00ee sat\u0131n alma hususu i\u00e7eren bir kiralama mutabakat\u0131 sa\u011flam\u0131\u015ft\u0131.<\/p>\n<p><strong>PERFORMANSI<\/strong><\/p>\n<p><span>Bu d\u00f6nemin ba\u015f\u0131nda 13 milyon Euro&#8217;ya Milan&#8217;a transfer olan 32 ya\u015f\u0131ndaki \u0130spanyol golc\u00fc oyuncu 25 ma\u00e7a \u00e7\u0131kt\u0131, 6 gol ve 2 asistlik katk\u0131 sa\u011flad\u0131.<\/p>\n<p><span><br \/><\/span><\/span><\/span><\/span><\/span><span><span><br \/><\/span><\/span><\/div>\n","protected":false},"excerpt":{"rendered":"<p>Galatasaray&#8217;\u0131n her hususta mutabakat sa\u011flad\u0131\u011f\u0131 Alvaro Morata transferi i\u00e7in yeni bir geli\u015fme ya\u015fand\u0131. Milan, transfer yapmadan Morata&#8217;y\u0131 g\u00f6ndermek istemiyor.<\/p>\n","protected":false},"author":1,"featured_media":12459,"comment_status":"open","ping_status":"open","sticky":false,"template":"","format":"standard","meta":{"footnotes":""},"categories":[25],"tags":[1007,645,1329,48],"class_list":["post-12458","post","type-post","status-publish","format-standard","has-post-thumbnail","hentry","category-futbol","tag-anlasma","tag-milan","tag-morata","tag-transfer"],"_links":{"self":[{"href":"https:\/\/haberbesiktas.tr\/index.php?rest_route=\/wp\/v2\/posts\/12458","targetHints":{"allow":["GET"]}}],"collection":[{"href":"https:\/\/haberbesiktas.tr\/index.php?rest_route=\/wp\/v2\/posts"}],"about":[{"href":"https:\/\/haberbesiktas.tr\/index.php?rest_route=\/wp\/v2\/types\/post"}],"author":[{"embeddable":true,"href":"https:\/\/haberbesiktas.tr\/index.php?rest_route=\/wp\/v2\/users\/1"}],"replies":[{"embeddable":true,"href":"https:\/\/haberbesiktas.tr\/index.php?rest_route=%2Fwp%2Fv2%2Fcomments&post=12458"}],"version-history":[{"count":1,"href":"https:\/\/haberbesiktas.tr\/index.php?rest_route=\/wp\/v2\/posts\/12458\/revisions"}],"predecessor-version":[{"id":12460,"href":"https:\/\/haberbesiktas.tr\/index.php?rest_route=\/wp\/v2\/posts\/12458\/revisions\/12460"}],"wp:featuredmedia":[{"embeddable":true,"href":"https:\/\/haberbesiktas.tr\/index.php?rest_route=\/wp\/v2\/media\/12459"}],"wp:attachment":[{"href":"https:\/\/haberbesiktas.tr\/index.php?rest_route=%2Fwp%2Fv2%2Fmedia&parent=12458"}],"wp:term":[{"taxonomy":"category","embeddable":true,"href":"https:\/\/haberbesiktas.tr\/index.php?rest_route=%2Fwp%2Fv2%2Fcategories&post=12458"},{"taxonomy":"post_tag","embeddable":true,"href":"https:\/\/haberbesiktas.tr\/index.php?rest_route=%2Fwp%2Fv2%2Ftags&post=12458"}],"curies":[{"name":"wp","href":"https:\/\/api.w.org\/{rel}","templated":true}]}}