{"id":12461,"date":"2025-02-27T06:36:05","date_gmt":"2025-02-27T06:36:05","guid":{"rendered":"https:\/\/haberbesiktas.tr\/?p=12461"},"modified":"2025-02-27T06:36:05","modified_gmt":"2025-02-27T06:36:05","slug":"barcelona-gavi-ile-nikah-tazeledi","status":"publish","type":"post","link":"https:\/\/haberbesiktas.tr\/?p=12461","title":{"rendered":"Barcelona, Gavi ile nikah tazeledi"},"content":{"rendered":"<div><span>Ge\u00e7ti\u011fimiz hafta Gerard Mart\u00edi ve Ronald Araujo&#8217;nun kontratlar\u0131n\u0131 uzatan Barcelona,\u00a0<\/span><span>\u00a0gen\u00e7 orta saha oyuncusu Gavi ile de anla\u015ft\u0131.<\/p>\n<p><span>Katalan devi, 20 ya\u015f\u0131ndaki futbolcunun kontrat\u0131n\u0131n 2030 y\u0131l\u0131na kadar uzat\u0131ld\u0131\u011f\u0131n\u0131 duyurdu.<\/span><\/p>\n<p><span>\u0130spanyol y\u0131ld\u0131z, bu d\u00f6nem Barcelona formas\u0131yla 20 resmi ma\u00e7ta 2 gol att\u0131 ve 2 asist yapt\u0131.<\/p>\n<p><\/span><br \/><\/span> <\/p>\n<p>https:\/\/twitter.com\/sporx\/status\/1885325774422491187<\/p>\n<\/p><\/div>\n","protected":false},"excerpt":{"rendered":"<p>Barcelona, 20 ya\u015f\u0131ndaki gen\u00e7 yetene\u011fi Gavi&#8217;nin mukavelesini 2030 y\u0131l\u0131na kadar uzatt\u0131.<\/p>\n","protected":false},"author":1,"featured_media":12462,"comment_status":"open","ping_status":"open","sticky":false,"template":"","format":"standard","meta":{"footnotes":""},"categories":[25],"tags":[],"class_list":["post-12461","post","type-post","status-publish","format-standard","has-post-thumbnail","hentry","category-futbol"],"_links":{"self":[{"href":"https:\/\/haberbesiktas.tr\/index.php?rest_route=\/wp\/v2\/posts\/12461","targetHints":{"allow":["GET"]}}],"collection":[{"href":"https:\/\/haberbesiktas.tr\/index.php?rest_route=\/wp\/v2\/posts"}],"about":[{"href":"https:\/\/haberbesiktas.tr\/index.php?rest_route=\/wp\/v2\/types\/post"}],"author":[{"embeddable":true,"href":"https:\/\/haberbesiktas.tr\/index.php?rest_route=\/wp\/v2\/users\/1"}],"replies":[{"embeddable":true,"href":"https:\/\/haberbesiktas.tr\/index.php?rest_route=%2Fwp%2Fv2%2Fcomments&post=12461"}],"version-history":[{"count":1,"href":"https:\/\/haberbesiktas.tr\/index.php?rest_route=\/wp\/v2\/posts\/12461\/revisions"}],"predecessor-version":[{"id":12463,"href":"https:\/\/haberbesiktas.tr\/index.php?rest_route=\/wp\/v2\/posts\/12461\/revisions\/12463"}],"wp:featuredmedia":[{"embeddable":true,"href":"https:\/\/haberbesiktas.tr\/index.php?rest_route=\/wp\/v2\/media\/12462"}],"wp:attachment":[{"href":"https:\/\/haberbesiktas.tr\/index.php?rest_route=%2Fwp%2Fv2%2Fmedia&parent=12461"}],"wp:term":[{"taxonomy":"category","embeddable":true,"href":"https:\/\/haberbesiktas.tr\/index.php?rest_route=%2Fwp%2Fv2%2Fcategories&post=12461"},{"taxonomy":"post_tag","embeddable":true,"href":"https:\/\/haberbesiktas.tr\/index.php?rest_route=%2Fwp%2Fv2%2Ftags&post=12461"}],"curies":[{"name":"wp","href":"https:\/\/api.w.org\/{rel}","templated":true}]}}