{"id":12464,"date":"2025-02-27T06:48:05","date_gmt":"2025-02-27T06:48:05","guid":{"rendered":"https:\/\/haberbesiktas.tr\/?p=12464"},"modified":"2025-02-27T06:48:05","modified_gmt":"2025-02-27T06:48:05","slug":"amed-sportif-faaliyetler-belcika-liginden-charly-keitayi-transfer-etti","status":"publish","type":"post","link":"https:\/\/haberbesiktas.tr\/?p=12464","title":{"rendered":"Amed Sportif Faaliyetler, Bel\u00e7ika liginden Charly Keita&#8217;y\u0131 transfer etti"},"content":{"rendered":"<div>\n<p>1&#8217;inci Lig&#8217;de gayret eden Amed Sportif Faaliyetler, Bel\u00e7ika tak\u0131mlar\u0131ndan Beerschot VA&#8217;n\u0131n 25 ya\u015f\u0131ndaki forvet oyuncusu Charly Keita&#8217;y\u0131 transfer etti.\u00a0<\/p>\n<p> Kul\u00fcb\u00fcn toplumsal medya hesab\u0131ndan yap\u0131lan payla\u015f\u0131mda, <strong>&#8220;Ho\u015f geldin Charly Keita! Daha evvel Jupiler Pro Ligi&#8217;nde Beerschot formas\u0131 giyen forvet oyuncusu Charly Keita, art\u0131k Amedspor formas\u0131 giyecek. Kul\u00fcb\u00fcm\u00fcz\u00fcn ba\u015far\u0131s\u0131 i\u00e7in ter d\u00f6kecek olan Charly Keita&#8217;ya muvaffakiyetler diliyoruz. Toplulu\u011fumuza iyi olsun&#8221;<\/strong> denildi.\u00a0<\/p>\n<\/div>\n","protected":false},"excerpt":{"rendered":"<p>Trendyol 1. Lig grubu Amedspor, Bel\u00e7ika temsilcisi Beerschot VA&#8217;dan 25 ya\u015f\u0131ndaki forvet Charly Keita&#8217;y\u0131 tak\u0131m\u0131na katt\u0131.<\/p>\n","protected":false},"author":1,"featured_media":12465,"comment_status":"open","ping_status":"open","sticky":false,"template":"","format":"standard","meta":{"footnotes":""},"categories":[25],"tags":[],"class_list":["post-12464","post","type-post","status-publish","format-standard","has-post-thumbnail","hentry","category-futbol"],"_links":{"self":[{"href":"https:\/\/haberbesiktas.tr\/index.php?rest_route=\/wp\/v2\/posts\/12464","targetHints":{"allow":["GET"]}}],"collection":[{"href":"https:\/\/haberbesiktas.tr\/index.php?rest_route=\/wp\/v2\/posts"}],"about":[{"href":"https:\/\/haberbesiktas.tr\/index.php?rest_route=\/wp\/v2\/types\/post"}],"author":[{"embeddable":true,"href":"https:\/\/haberbesiktas.tr\/index.php?rest_route=\/wp\/v2\/users\/1"}],"replies":[{"embeddable":true,"href":"https:\/\/haberbesiktas.tr\/index.php?rest_route=%2Fwp%2Fv2%2Fcomments&post=12464"}],"version-history":[{"count":1,"href":"https:\/\/haberbesiktas.tr\/index.php?rest_route=\/wp\/v2\/posts\/12464\/revisions"}],"predecessor-version":[{"id":12466,"href":"https:\/\/haberbesiktas.tr\/index.php?rest_route=\/wp\/v2\/posts\/12464\/revisions\/12466"}],"wp:featuredmedia":[{"embeddable":true,"href":"https:\/\/haberbesiktas.tr\/index.php?rest_route=\/wp\/v2\/media\/12465"}],"wp:attachment":[{"href":"https:\/\/haberbesiktas.tr\/index.php?rest_route=%2Fwp%2Fv2%2Fmedia&parent=12464"}],"wp:term":[{"taxonomy":"category","embeddable":true,"href":"https:\/\/haberbesiktas.tr\/index.php?rest_route=%2Fwp%2Fv2%2Fcategories&post=12464"},{"taxonomy":"post_tag","embeddable":true,"href":"https:\/\/haberbesiktas.tr\/index.php?rest_route=%2Fwp%2Fv2%2Ftags&post=12464"}],"curies":[{"name":"wp","href":"https:\/\/api.w.org\/{rel}","templated":true}]}}