{"id":12491,"date":"2025-02-27T09:00:08","date_gmt":"2025-02-27T09:00:08","guid":{"rendered":"https:\/\/haberbesiktas.tr\/?p=12491"},"modified":"2025-02-27T09:00:08","modified_gmt":"2025-02-27T09:00:08","slug":"genclerbirliginde-djitte-ile-yollar-ayrildi","status":"publish","type":"post","link":"https:\/\/haberbesiktas.tr\/?p=12491","title":{"rendered":"Gen\u00e7lerbirli\u011fi&#8217;nde Djitte ile yollar ayr\u0131ld\u0131"},"content":{"rendered":"<div>\n<p>Trendyol 1. Lig ekiplerinden Gen\u00e7lerbirli\u011fi, Senegalli forvet oyuncusu Moussa Djitte&#8217;nin mukavelesini feshetti.<\/p>\n<p> Kul\u00fcpten yap\u0131lan a\u00e7\u0131klamada<strong> &#8220;Kul\u00fcb\u00fcm\u00fcz ile Moussa Kalilou Djitte ortas\u0131ndaki kontrat\u0131n, kar\u015f\u0131l\u0131kl\u0131 anla\u015f\u0131larak sona erdirilmesi konusunda muahedeye var\u0131lm\u0131\u015ft\u0131r. Moussa Kalilou Djitte&#8217;ye kul\u00fcb\u00fcm\u00fcze vermi\u015f oldu\u011fu emek ve hizmetlerinden \u00f6t\u00fcr\u00fc te\u015fekk\u00fcr eder, bundan sonraki mesle\u011finde muvaffakiyetler dileriz.&#8221;<\/strong> denildi.<\/p>\n<p> Ba\u015f\u015fehir tak\u0131m\u0131yla 2024&#8217;\u00fcn a\u011fustos ay\u0131nda 2 y\u0131ll\u0131k mukavele imzalayan 25 ya\u015f\u0131ndaki futbolcu, 19 ma\u00e7ta 4 gol att\u0131.<\/p>\n<p><em><strong>\u0130\u015fte Gen\u00e7lerbirli\u011fi&#8217;nin o payla\u015f\u0131m\u0131:<\/strong><\/em><\/p>\n<p><img decoding=\"async\" src=\"https:\/\/haberbesiktas.tr\/wp-content\/uploads\/2025\/02\/genclerbirliginde-djitte-ile-yollar-ayrildi-0-JBfOCTHh.jpeg\"\/><\/p>\n<\/div>\n","protected":false},"excerpt":{"rendered":"<p>Ba\u015f\u015fehir tak\u0131m\u0131, Senegalli forvet Moussa Djitte&#8217;nin kontrat\u0131n\u0131 kar\u015f\u0131l\u0131kl\u0131 mutabakatla feshetti.<\/p>\n","protected":false},"author":1,"featured_media":12492,"comment_status":"open","ping_status":"open","sticky":false,"template":"","format":"standard","meta":{"footnotes":""},"categories":[25],"tags":[],"class_list":["post-12491","post","type-post","status-publish","format-standard","has-post-thumbnail","hentry","category-futbol"],"_links":{"self":[{"href":"https:\/\/haberbesiktas.tr\/index.php?rest_route=\/wp\/v2\/posts\/12491","targetHints":{"allow":["GET"]}}],"collection":[{"href":"https:\/\/haberbesiktas.tr\/index.php?rest_route=\/wp\/v2\/posts"}],"about":[{"href":"https:\/\/haberbesiktas.tr\/index.php?rest_route=\/wp\/v2\/types\/post"}],"author":[{"embeddable":true,"href":"https:\/\/haberbesiktas.tr\/index.php?rest_route=\/wp\/v2\/users\/1"}],"replies":[{"embeddable":true,"href":"https:\/\/haberbesiktas.tr\/index.php?rest_route=%2Fwp%2Fv2%2Fcomments&post=12491"}],"version-history":[{"count":1,"href":"https:\/\/haberbesiktas.tr\/index.php?rest_route=\/wp\/v2\/posts\/12491\/revisions"}],"predecessor-version":[{"id":12494,"href":"https:\/\/haberbesiktas.tr\/index.php?rest_route=\/wp\/v2\/posts\/12491\/revisions\/12494"}],"wp:featuredmedia":[{"embeddable":true,"href":"https:\/\/haberbesiktas.tr\/index.php?rest_route=\/wp\/v2\/media\/12492"}],"wp:attachment":[{"href":"https:\/\/haberbesiktas.tr\/index.php?rest_route=%2Fwp%2Fv2%2Fmedia&parent=12491"}],"wp:term":[{"taxonomy":"category","embeddable":true,"href":"https:\/\/haberbesiktas.tr\/index.php?rest_route=%2Fwp%2Fv2%2Fcategories&post=12491"},{"taxonomy":"post_tag","embeddable":true,"href":"https:\/\/haberbesiktas.tr\/index.php?rest_route=%2Fwp%2Fv2%2Ftags&post=12491"}],"curies":[{"name":"wp","href":"https:\/\/api.w.org\/{rel}","templated":true}]}}