{"id":12498,"date":"2025-02-27T09:24:05","date_gmt":"2025-02-27T09:24:05","guid":{"rendered":"https:\/\/haberbesiktas.tr\/?p=12498"},"modified":"2025-02-27T09:24:05","modified_gmt":"2025-02-27T09:24:05","slug":"canli-fenerbahce-beko-virtus-bologna","status":"publish","type":"post","link":"https:\/\/haberbesiktas.tr\/?p=12498","title":{"rendered":"CANLI: Fenerbah\u00e7e Beko &#8211; Virtus Bologna"},"content":{"rendered":"<div>Basketbolda THY EuroLeague&#8217;nin 24. haftas\u0131nda Fenerbah\u00e7e Beko, \u0130talyan grubu Virtus Segafredo Bologna&#8217;y\u0131 a\u011f\u0131rl\u0131yor.<\/p>\n<p> <strong>CANLI TAK\u0130P \u0130\u00c7\u0130N TIKLAYINIZ<\/strong><\/p>\n<p><strong>CANLI: 1. PER\u0130YOT<\/strong><\/p>\n<p><strong>FENERBAH\u00c7E BEKO: 0<\/strong><br \/><strong>VIRTUS BOLOGNA: 0<\/strong><\/p>\n<p> <strong>\u00a0<\/strong><\/p>\n<\/div>\n","protected":false},"excerpt":{"rendered":"<p>Fenerbah\u00e7e Beko, THY EuroLeague&#8217;de Virtus Segafredo Bologna&#8217;y\u0131 konuk ediyor.<\/p>\n","protected":false},"author":1,"featured_media":12499,"comment_status":"open","ping_status":"open","sticky":false,"template":"","format":"standard","meta":{"footnotes":""},"categories":[10],"tags":[],"class_list":["post-12498","post","type-post","status-publish","format-standard","has-post-thumbnail","hentry","category-basketbol"],"_links":{"self":[{"href":"https:\/\/haberbesiktas.tr\/index.php?rest_route=\/wp\/v2\/posts\/12498","targetHints":{"allow":["GET"]}}],"collection":[{"href":"https:\/\/haberbesiktas.tr\/index.php?rest_route=\/wp\/v2\/posts"}],"about":[{"href":"https:\/\/haberbesiktas.tr\/index.php?rest_route=\/wp\/v2\/types\/post"}],"author":[{"embeddable":true,"href":"https:\/\/haberbesiktas.tr\/index.php?rest_route=\/wp\/v2\/users\/1"}],"replies":[{"embeddable":true,"href":"https:\/\/haberbesiktas.tr\/index.php?rest_route=%2Fwp%2Fv2%2Fcomments&post=12498"}],"version-history":[{"count":1,"href":"https:\/\/haberbesiktas.tr\/index.php?rest_route=\/wp\/v2\/posts\/12498\/revisions"}],"predecessor-version":[{"id":12500,"href":"https:\/\/haberbesiktas.tr\/index.php?rest_route=\/wp\/v2\/posts\/12498\/revisions\/12500"}],"wp:featuredmedia":[{"embeddable":true,"href":"https:\/\/haberbesiktas.tr\/index.php?rest_route=\/wp\/v2\/media\/12499"}],"wp:attachment":[{"href":"https:\/\/haberbesiktas.tr\/index.php?rest_route=%2Fwp%2Fv2%2Fmedia&parent=12498"}],"wp:term":[{"taxonomy":"category","embeddable":true,"href":"https:\/\/haberbesiktas.tr\/index.php?rest_route=%2Fwp%2Fv2%2Fcategories&post=12498"},{"taxonomy":"post_tag","embeddable":true,"href":"https:\/\/haberbesiktas.tr\/index.php?rest_route=%2Fwp%2Fv2%2Ftags&post=12498"}],"curies":[{"name":"wp","href":"https:\/\/api.w.org\/{rel}","templated":true}]}}