{"id":1250,"date":"2025-01-05T16:42:48","date_gmt":"2025-01-05T16:42:48","guid":{"rendered":"https:\/\/haberbesiktas.tr\/?p=1250"},"modified":"2025-01-05T16:42:48","modified_gmt":"2025-01-05T16:42:48","slug":"serdal-adalidan-bulent-uslu-yalanlamasi","status":"publish","type":"post","link":"https:\/\/haberbesiktas.tr\/?p=1250","title":{"rendered":"Serdal Adal\u0131&#8217;dan B\u00fclent Uslu yalanlamas\u0131!"},"content":{"rendered":"<div>Be\u015fikta\u015f Ba\u015fkan\u0131 Serdal Adal\u0131, B\u00fcletn Uslu&#8217;nun idarede yer alaca\u011f\u0131 arg\u00fcmanlar\u0131n\u0131n ger\u00e7e\u011fi yans\u0131tmad\u0131\u011f\u0131n\u0131 a\u00e7\u0131klad\u0131.<\/p>\n<p> <strong>Serdal Adal\u0131&#8217;n\u0131n a\u00e7\u0131klamas\u0131 \u015fu bi\u00e7imde:<\/strong><\/p>\n<p> &#8220;De\u011ferli Be\u015fikta\u015fl\u0131lar;<\/p>\n<p> Vazifeye gelmeden evvel de s\u00f6yledi\u011fimiz \u00fczere her bir Be\u015fikta\u015fl\u0131n\u0131n katk\u0131s\u0131n\u0131, takviyesini, g\u00f6r\u00fc\u015flerini \u00f6nemsiyoruz. B\u00fclent Uslu da bug\u00fcne kadar Be\u015fikta\u015f&#8217;a katk\u0131da bulunmaya \u00e7al\u0131\u015fm\u0131\u015f, bilinen bir Be\u015fikta\u015fl\u0131d\u0131r.<\/p>\n<p> Lakin;<\/p>\n<p> Genel \u015eura s\u00fcrecinde de g\u00fcndeme gelen, B\u00fclent Uslu&#8217;nun Futbol A.\u015e \u0130dare Konseyi&#8217;nde yer alaca\u011f\u0131 arg\u00fcmanlar\u0131 o g\u00fcn de s\u00f6yledi\u011fimiz \u00fczere ger\u00e7e\u011fi yans\u0131tmamaktad\u0131r.&#8221;<\/p>\n<\/div>\n","protected":false},"excerpt":{"rendered":"<p>Be\u015fikta\u015f Ba\u015fkan\u0131 Serdal Adal\u0131, B\u00fclent Uslu&#8217;nun idarede yer alaca\u011f\u0131 tezlerinin ger\u00e7e\u011fi yans\u0131tmad\u0131\u011f\u0131n\u0131 a\u00e7\u0131klad\u0131.<\/p>\n","protected":false},"author":1,"featured_media":1251,"comment_status":"open","ping_status":"open","sticky":false,"template":"","format":"standard","meta":{"footnotes":""},"categories":[25],"tags":[71],"class_list":["post-1250","post","type-post","status-publish","format-standard","has-post-thumbnail","hentry","category-futbol","tag-besiktas"],"_links":{"self":[{"href":"https:\/\/haberbesiktas.tr\/index.php?rest_route=\/wp\/v2\/posts\/1250","targetHints":{"allow":["GET"]}}],"collection":[{"href":"https:\/\/haberbesiktas.tr\/index.php?rest_route=\/wp\/v2\/posts"}],"about":[{"href":"https:\/\/haberbesiktas.tr\/index.php?rest_route=\/wp\/v2\/types\/post"}],"author":[{"embeddable":true,"href":"https:\/\/haberbesiktas.tr\/index.php?rest_route=\/wp\/v2\/users\/1"}],"replies":[{"embeddable":true,"href":"https:\/\/haberbesiktas.tr\/index.php?rest_route=%2Fwp%2Fv2%2Fcomments&post=1250"}],"version-history":[{"count":1,"href":"https:\/\/haberbesiktas.tr\/index.php?rest_route=\/wp\/v2\/posts\/1250\/revisions"}],"predecessor-version":[{"id":1252,"href":"https:\/\/haberbesiktas.tr\/index.php?rest_route=\/wp\/v2\/posts\/1250\/revisions\/1252"}],"wp:featuredmedia":[{"embeddable":true,"href":"https:\/\/haberbesiktas.tr\/index.php?rest_route=\/wp\/v2\/media\/1251"}],"wp:attachment":[{"href":"https:\/\/haberbesiktas.tr\/index.php?rest_route=%2Fwp%2Fv2%2Fmedia&parent=1250"}],"wp:term":[{"taxonomy":"category","embeddable":true,"href":"https:\/\/haberbesiktas.tr\/index.php?rest_route=%2Fwp%2Fv2%2Fcategories&post=1250"},{"taxonomy":"post_tag","embeddable":true,"href":"https:\/\/haberbesiktas.tr\/index.php?rest_route=%2Fwp%2Fv2%2Ftags&post=1250"}],"curies":[{"name":"wp","href":"https:\/\/api.w.org\/{rel}","templated":true}]}}