{"id":12507,"date":"2025-02-27T10:12:08","date_gmt":"2025-02-27T10:12:08","guid":{"rendered":"https:\/\/haberbesiktas.tr\/?p=12507"},"modified":"2025-02-27T10:12:08","modified_gmt":"2025-02-27T10:12:08","slug":"adanaspor-daniel-candeiasi-transfer-etti","status":"publish","type":"post","link":"https:\/\/haberbesiktas.tr\/?p=12507","title":{"rendered":"Adanaspor, Daniel Candeias&#8217;\u0131 transfer etti"},"content":{"rendered":"<div>\n<p>Trendyol 1. Lig gruplar\u0131ndan Adanaspor, Portekizli kanat oyuncusu Daniel Candeias&#8217;\u0131 tak\u0131m\u0131na katt\u0131.<\/p>\n<p> Turuncu-beyazl\u0131 kul\u00fcpten yap\u0131lan a\u00e7\u0131klamada, son olarak Portekiz gruplar\u0131ndan Oliveirense&#8217;de forma giyen 36 ya\u015f\u0131ndaki Daniel Candeias ile d\u00f6nem sonuna kadar kontrat imzaland\u0131\u011f\u0131 belirtildi.<\/p>\n<\/div>\n","protected":false},"excerpt":{"rendered":"<p>Adanaspor, Portekizli kanat oyuncusu Daniel Candeias&#8217;\u0131 d\u00f6nem sonuna kadar tak\u0131m\u0131na katt\u0131.<\/p>\n","protected":false},"author":1,"featured_media":12508,"comment_status":"open","ping_status":"open","sticky":false,"template":"","format":"standard","meta":{"footnotes":""},"categories":[25],"tags":[],"class_list":["post-12507","post","type-post","status-publish","format-standard","has-post-thumbnail","hentry","category-futbol"],"_links":{"self":[{"href":"https:\/\/haberbesiktas.tr\/index.php?rest_route=\/wp\/v2\/posts\/12507","targetHints":{"allow":["GET"]}}],"collection":[{"href":"https:\/\/haberbesiktas.tr\/index.php?rest_route=\/wp\/v2\/posts"}],"about":[{"href":"https:\/\/haberbesiktas.tr\/index.php?rest_route=\/wp\/v2\/types\/post"}],"author":[{"embeddable":true,"href":"https:\/\/haberbesiktas.tr\/index.php?rest_route=\/wp\/v2\/users\/1"}],"replies":[{"embeddable":true,"href":"https:\/\/haberbesiktas.tr\/index.php?rest_route=%2Fwp%2Fv2%2Fcomments&post=12507"}],"version-history":[{"count":1,"href":"https:\/\/haberbesiktas.tr\/index.php?rest_route=\/wp\/v2\/posts\/12507\/revisions"}],"predecessor-version":[{"id":12509,"href":"https:\/\/haberbesiktas.tr\/index.php?rest_route=\/wp\/v2\/posts\/12507\/revisions\/12509"}],"wp:featuredmedia":[{"embeddable":true,"href":"https:\/\/haberbesiktas.tr\/index.php?rest_route=\/wp\/v2\/media\/12508"}],"wp:attachment":[{"href":"https:\/\/haberbesiktas.tr\/index.php?rest_route=%2Fwp%2Fv2%2Fmedia&parent=12507"}],"wp:term":[{"taxonomy":"category","embeddable":true,"href":"https:\/\/haberbesiktas.tr\/index.php?rest_route=%2Fwp%2Fv2%2Fcategories&post=12507"},{"taxonomy":"post_tag","embeddable":true,"href":"https:\/\/haberbesiktas.tr\/index.php?rest_route=%2Fwp%2Fv2%2Ftags&post=12507"}],"curies":[{"name":"wp","href":"https:\/\/api.w.org\/{rel}","templated":true}]}}