{"id":12510,"date":"2025-02-27T10:36:08","date_gmt":"2025-02-27T10:36:08","guid":{"rendered":"https:\/\/haberbesiktas.tr\/?p=12510"},"modified":"2025-02-27T10:36:08","modified_gmt":"2025-02-27T10:36:08","slug":"sakaryaspor-omer-sismanoglunu-transfer-etti","status":"publish","type":"post","link":"https:\/\/haberbesiktas.tr\/?p=12510","title":{"rendered":"Sakaryaspor, \u00d6mer \u015ei\u015fmano\u011flu&#8217;nu transfer etti"},"content":{"rendered":"<div>\n<p>Trendyol 1. Lig gruplar\u0131ndan Sakaryaspor, forvet \u00d6mer \u015ei\u015fmano\u011flu ile yar\u0131m d\u00f6nemli\u011fine anla\u015ft\u0131.<\/p>\n<p> Kul\u00fcpten yap\u0131lan a\u00e7\u0131klamada, &#8220;Son olarak I\u011fd\u0131r FK formas\u0131 giyen forvet oyuncusu \u00d6mer \u015ei\u015fmano\u011flu ile kontrat imzalad\u0131k.&#8221; s\u00f6z\u00fcne yer verildi.<\/p>\n<\/div>\n","protected":false},"excerpt":{"rendered":"<p>Sakaryaspor, forvet \u00d6mer \u015ei\u015fmano\u011flu&#8217;nu transfer etti.<\/p>\n","protected":false},"author":1,"featured_media":12511,"comment_status":"open","ping_status":"open","sticky":false,"template":"","format":"standard","meta":{"footnotes":""},"categories":[25],"tags":[],"class_list":["post-12510","post","type-post","status-publish","format-standard","has-post-thumbnail","hentry","category-futbol"],"_links":{"self":[{"href":"https:\/\/haberbesiktas.tr\/index.php?rest_route=\/wp\/v2\/posts\/12510","targetHints":{"allow":["GET"]}}],"collection":[{"href":"https:\/\/haberbesiktas.tr\/index.php?rest_route=\/wp\/v2\/posts"}],"about":[{"href":"https:\/\/haberbesiktas.tr\/index.php?rest_route=\/wp\/v2\/types\/post"}],"author":[{"embeddable":true,"href":"https:\/\/haberbesiktas.tr\/index.php?rest_route=\/wp\/v2\/users\/1"}],"replies":[{"embeddable":true,"href":"https:\/\/haberbesiktas.tr\/index.php?rest_route=%2Fwp%2Fv2%2Fcomments&post=12510"}],"version-history":[{"count":1,"href":"https:\/\/haberbesiktas.tr\/index.php?rest_route=\/wp\/v2\/posts\/12510\/revisions"}],"predecessor-version":[{"id":12512,"href":"https:\/\/haberbesiktas.tr\/index.php?rest_route=\/wp\/v2\/posts\/12510\/revisions\/12512"}],"wp:featuredmedia":[{"embeddable":true,"href":"https:\/\/haberbesiktas.tr\/index.php?rest_route=\/wp\/v2\/media\/12511"}],"wp:attachment":[{"href":"https:\/\/haberbesiktas.tr\/index.php?rest_route=%2Fwp%2Fv2%2Fmedia&parent=12510"}],"wp:term":[{"taxonomy":"category","embeddable":true,"href":"https:\/\/haberbesiktas.tr\/index.php?rest_route=%2Fwp%2Fv2%2Fcategories&post=12510"},{"taxonomy":"post_tag","embeddable":true,"href":"https:\/\/haberbesiktas.tr\/index.php?rest_route=%2Fwp%2Fv2%2Ftags&post=12510"}],"curies":[{"name":"wp","href":"https:\/\/api.w.org\/{rel}","templated":true}]}}