{"id":12518,"date":"2025-02-27T11:00:08","date_gmt":"2025-02-27T11:00:08","guid":{"rendered":"https:\/\/haberbesiktas.tr\/?p=12518"},"modified":"2025-02-27T11:00:08","modified_gmt":"2025-02-27T11:00:08","slug":"fifa-kulupler-dunya-kupasinin-topu-tanitildi","status":"publish","type":"post","link":"https:\/\/haberbesiktas.tr\/?p=12518","title":{"rendered":"FIFA Kul\u00fcpler D\u00fcnya Kupas\u0131&#8217;n\u0131n topu tan\u0131t\u0131ld\u0131"},"content":{"rendered":"<div>\n<p>FIFA, 32 kadronun i\u015ftirakiyle 2025&#8217;te birinci sefer d\u00fczenlenecek Kul\u00fcpler D\u00fcnya Kupas\u0131&#8217;nda kullan\u0131lacak topu tan\u0131tt\u0131.\u00a0<\/p>\n<p> FIFA&#8217;n\u0131n a\u00e7\u0131klamas\u0131na nazaran, yeni format\u0131yla 15 Haziran-13 Temmuz tarihlerinde ABD&#8217;de d\u00fczenlenecek turnuvan\u0131n topu, Alman spor giysi markas\u0131 adidas taraf\u0131ndan \u00fcretildi.<\/p>\n<p> Mesken sahibi \u00fclkenin bayra\u011f\u0131n\u0131n renklerinden esinlenilerek tasarlanan top, teknolojisi sayesinde \u00e7e\u015fitli bilgileri ger\u00e7ek vakitli olarak g\u00f6r\u00fcnt\u00fc yard\u0131mc\u0131 hakem sistemine g\u00f6nderecek. Hakemler bu sayede ofsayt ve elle oynama \u00fczere ihlallerde daha s\u00fcratli karar verebilecek.\u00a0<\/p>\n<p> FIFA&#8217;n\u0131n yeni tertibinde 6 konfederasyondan, 32 kul\u00fcp yer alacak. 4&#8217;erli 8 k\u00fcmeye ayr\u0131lacak kadrolar, birbiriyle tek ma\u00e7 \u00fczerinden kar\u015f\u0131la\u015facak. K\u00fcmesini birinci 2 s\u0131rada tamamlayanlar, sonraki tiplerde tek ma\u00e7 eleme yoluna nazaran kar\u015f\u0131la\u015facak.<\/p>\n<\/div>\n","protected":false},"excerpt":{"rendered":"<p>FIFA, 32 kadronun kat\u0131laca\u011f\u0131 2025 Kul\u00fcpler D\u00fcnya Kupas\u0131 i\u00e7in yeni topu tan\u0131tt\u0131.<\/p>\n","protected":false},"author":1,"featured_media":12519,"comment_status":"open","ping_status":"open","sticky":false,"template":"","format":"standard","meta":{"footnotes":""},"categories":[25],"tags":[],"class_list":["post-12518","post","type-post","status-publish","format-standard","has-post-thumbnail","hentry","category-futbol"],"_links":{"self":[{"href":"https:\/\/haberbesiktas.tr\/index.php?rest_route=\/wp\/v2\/posts\/12518","targetHints":{"allow":["GET"]}}],"collection":[{"href":"https:\/\/haberbesiktas.tr\/index.php?rest_route=\/wp\/v2\/posts"}],"about":[{"href":"https:\/\/haberbesiktas.tr\/index.php?rest_route=\/wp\/v2\/types\/post"}],"author":[{"embeddable":true,"href":"https:\/\/haberbesiktas.tr\/index.php?rest_route=\/wp\/v2\/users\/1"}],"replies":[{"embeddable":true,"href":"https:\/\/haberbesiktas.tr\/index.php?rest_route=%2Fwp%2Fv2%2Fcomments&post=12518"}],"version-history":[{"count":1,"href":"https:\/\/haberbesiktas.tr\/index.php?rest_route=\/wp\/v2\/posts\/12518\/revisions"}],"predecessor-version":[{"id":12520,"href":"https:\/\/haberbesiktas.tr\/index.php?rest_route=\/wp\/v2\/posts\/12518\/revisions\/12520"}],"wp:featuredmedia":[{"embeddable":true,"href":"https:\/\/haberbesiktas.tr\/index.php?rest_route=\/wp\/v2\/media\/12519"}],"wp:attachment":[{"href":"https:\/\/haberbesiktas.tr\/index.php?rest_route=%2Fwp%2Fv2%2Fmedia&parent=12518"}],"wp:term":[{"taxonomy":"category","embeddable":true,"href":"https:\/\/haberbesiktas.tr\/index.php?rest_route=%2Fwp%2Fv2%2Fcategories&post=12518"},{"taxonomy":"post_tag","embeddable":true,"href":"https:\/\/haberbesiktas.tr\/index.php?rest_route=%2Fwp%2Fv2%2Ftags&post=12518"}],"curies":[{"name":"wp","href":"https:\/\/api.w.org\/{rel}","templated":true}]}}