{"id":12527,"date":"2025-02-27T11:36:06","date_gmt":"2025-02-27T11:36:06","guid":{"rendered":"https:\/\/haberbesiktas.tr\/?p=12527"},"modified":"2025-02-27T11:36:06","modified_gmt":"2025-02-27T11:36:06","slug":"sivasspor-9-kisi-kaldi-eyup-89da-kazandi","status":"publish","type":"post","link":"https:\/\/haberbesiktas.tr\/?p=12527","title":{"rendered":"Sivasspor 9 ki\u015fi kald\u0131, Ey\u00fcp 89&#8217;da kazand\u0131"},"content":{"rendered":"<div>Trendyol Muhte\u015fem Lig&#8217;in 22. haftas\u0131nda Arda Turan&#8217;\u0131n tak\u0131m\u0131 Ey\u00fcpspor, konutunda \u00d6mer Erdo\u011fan&#8217;\u0131n idaresindeki Sivasspor&#8217;u 1-0 ma\u011flup etti.<\/p>\n<p> Recep Tayyip Erdo\u011fan Stadyumu&#8217;nda oynanan ma\u00e7ta Ey\u00fcpspor&#8217;un galibiyet gol\u00fcn\u00fc 89. dakikada Mame Thiam kaydetti. Mame Thiam&#8217;\u0131n att\u0131\u011f\u0131 gol sonras\u0131 VAR&#8217;da yap\u0131lan 5 dakikal\u0131k incelemenin akabinde gol karar\u0131 ge\u00e7erli say\u0131ld\u0131.<\/p>\n<p> Sivasspor, ma\u00e7\u0131n 10. dakikas\u0131nda Uros Radakovic, 85. dakikada ise Murat Paluli&#8217;nin k\u0131rm\u0131z\u0131 kart g\u00f6rmesi sonras\u0131 Sivasspor m\u00fcsabakay\u0131 9 \u015fah\u0131sla tamamlad\u0131.<\/p>\n<p> Bu sonu\u00e7la birlikte 3 ma\u00e7l\u0131k galibiyet serisi sona eren Ey\u00fcpspor puan\u0131n\u0131 39&#8217;a y\u00fckseltirken, Sivasspor 23 puanda kalm\u0131\u015f oldu.<\/p>\n<p> Ligin bir sonraki ma\u00e7 haftas\u0131nda Sivasspor meskeninde Be\u015fikta\u015f&#8217;\u0131 a\u011f\u0131rlarken, Ey\u00fcpspor deplasmanda Trabzonspor&#8217;a konuk olacak.<\/p>\n<p> <strong>MA\u00c7TAN DAK\u0130KALAR (\u0130LK YARI)<\/strong><\/p>\n<p> 17. dakikada Ampem&#8217;in pas\u0131nda topla bulu\u015fan Emre Mor, Charisis ve Moutousammy&#8217;yi \u00e7al\u0131mlad\u0131ktan sonra ceza yay\u0131n\u0131n \u00f6n\u00fcnden \u015futunu \u00e7ekti. Kaleci Ali \u015ea\u015fal Vural, me\u015fin yuvarla\u011f\u0131 denetim etti.<\/p>\n<p> 32. dakikada Emre Mor&#8217;un sa\u011f taraftan yapt\u0131\u011f\u0131 ortada alt\u0131pas \u00e7izgisi \u00f6n\u00fcnden Thiam&#8217;\u0131n ba\u015f vuru\u015funda, top yandan auta \u00e7\u0131kt\u0131.<\/p>\n<p> 41. dakikada Ziya Erdal&#8217;\u0131n sol kanattan yapt\u0131\u011f\u0131 ortada ceza yay\u0131 civar\u0131nda bulunan Manaj, topu penalt\u0131 noktas\u0131 yak\u0131nlar\u0131ndaki Bekir Tura\u00e7 B\u00f6ke&#8217;ye aktard\u0131. Bekir&#8217;in pas\u0131nda ceza alan\u0131 sol \u00e7apraz\u0131nda me\u015fin yuvarlakla bulu\u015fan Charisis&#8217;in vuru\u015funda, top \u00fcstten auta gitti.<\/p>\n<\/div>\n","protected":false},"excerpt":{"rendered":"<p>Trendyol Harika Lig&#8217;in 22. haftas\u0131nda Ey\u00fcpspor meskeninde Sivasspor&#8217;u 1-0 ma\u011flup etti.<\/p>\n","protected":false},"author":1,"featured_media":12528,"comment_status":"open","ping_status":"open","sticky":false,"template":"","format":"standard","meta":{"footnotes":""},"categories":[25],"tags":[50,151],"class_list":["post-12527","post","type-post","status-publish","format-standard","has-post-thumbnail","hentry","category-futbol","tag-mac","tag-sivasspor"],"_links":{"self":[{"href":"https:\/\/haberbesiktas.tr\/index.php?rest_route=\/wp\/v2\/posts\/12527","targetHints":{"allow":["GET"]}}],"collection":[{"href":"https:\/\/haberbesiktas.tr\/index.php?rest_route=\/wp\/v2\/posts"}],"about":[{"href":"https:\/\/haberbesiktas.tr\/index.php?rest_route=\/wp\/v2\/types\/post"}],"author":[{"embeddable":true,"href":"https:\/\/haberbesiktas.tr\/index.php?rest_route=\/wp\/v2\/users\/1"}],"replies":[{"embeddable":true,"href":"https:\/\/haberbesiktas.tr\/index.php?rest_route=%2Fwp%2Fv2%2Fcomments&post=12527"}],"version-history":[{"count":1,"href":"https:\/\/haberbesiktas.tr\/index.php?rest_route=\/wp\/v2\/posts\/12527\/revisions"}],"predecessor-version":[{"id":12529,"href":"https:\/\/haberbesiktas.tr\/index.php?rest_route=\/wp\/v2\/posts\/12527\/revisions\/12529"}],"wp:featuredmedia":[{"embeddable":true,"href":"https:\/\/haberbesiktas.tr\/index.php?rest_route=\/wp\/v2\/media\/12528"}],"wp:attachment":[{"href":"https:\/\/haberbesiktas.tr\/index.php?rest_route=%2Fwp%2Fv2%2Fmedia&parent=12527"}],"wp:term":[{"taxonomy":"category","embeddable":true,"href":"https:\/\/haberbesiktas.tr\/index.php?rest_route=%2Fwp%2Fv2%2Fcategories&post=12527"},{"taxonomy":"post_tag","embeddable":true,"href":"https:\/\/haberbesiktas.tr\/index.php?rest_route=%2Fwp%2Fv2%2Ftags&post=12527"}],"curies":[{"name":"wp","href":"https:\/\/api.w.org\/{rel}","templated":true}]}}