{"id":1253,"date":"2025-01-05T17:06:45","date_gmt":"2025-01-05T17:06:45","guid":{"rendered":"https:\/\/haberbesiktas.tr\/?p=1253"},"modified":"2025-01-05T17:06:45","modified_gmt":"2025-01-05T17:06:45","slug":"carlo-ancelotti-arda-guler-olabilir","status":"publish","type":"post","link":"https:\/\/haberbesiktas.tr\/?p=1253","title":{"rendered":"Carlo Ancelotti: &#8220;Arda G\u00fcler olabilir!&#8221;"},"content":{"rendered":"<div>Real Madrid Teknik Y\u00f6neticisi Carlo Ancelotti, \u0130spanya Kral Kupas\u0131&#8217;nda ikinci lig tak\u0131mlar\u0131ndan Deportiva Minera ile oynayacaklar\u0131 ma\u00e7 \u00f6ncesi a\u00e7\u0131klamalarda bulundu.<\/p>\n<p> \u0130talyan teknik adam, <strong>&#8220;Deportiva Minera kar\u015f\u0131s\u0131nda bu d\u00f6nem fazla oynamayan oyunculara m\u00fchlet verece\u011fim.&#8221;<\/strong> s\u00f6zlerini kulland\u0131.<\/p>\n<p> Ancelotti, kalede Andriy Lunin&#8217;in olaca\u011f\u0131n\u0131 s\u00f6yledi ve, <strong>&#8220;Thibaut Courtois&#8217;in dinlenmeye muhta\u00e7l\u0131\u011f\u0131 var. Bu ma\u00e7ta kalede Andriy Lunin oynayacak.<\/strong>&#8221; dedi.<\/p>\n<p><strong>&#8220;ARDA G\u00dcLER OLAB\u0130L\u0130R&#8221;<\/strong><\/p>\n<p> Real Madrid&#8217;de bu d\u00f6nem ka\u00e7an penalt\u0131lar dikkat \u00e7ekerken, son olarak Jude Bellingham, Valencia m\u00fcsabakas\u0131nda penalt\u0131dan yararlanamam\u0131\u015ft\u0131. Ancelotti, penalt\u0131 kullanacak isimlerle ilgili gelen sorunun akabinde,<strong> &#8220;Buna her ma\u00e7tan evvel karar verece\u011fim. Vinicius Junior, Bellingham, Mbappe, Modric yahut Arda G\u00fcler olabilir. Bakal\u0131m nas\u0131l hissedece\u011fim.&#8221;<\/strong> diye konu\u015ftu.<\/p>\n<p> Real Madrid, \u0130spanya Kral Kupas\u0131&#8217;n\u0131n son 32 cins ma\u00e7\u0131nda 6 Ocak Pazartesi g\u00fcn\u00fc Deportiva Minera ile deplasmanda kar\u015f\u0131 kar\u015f\u0131ya gelecek. \u0130ki kadro ortas\u0131ndaki u\u011fra\u015f TS\u0130 21.00&#8217;de ba\u015flayacak.<\/p>\n<\/div>\n","protected":false},"excerpt":{"rendered":"<p>Real Madrid Teknik Y\u00f6neticisi Carlo Ancelotti, Kral Kupas\u0131&#8217;ndaki Deportiva Minera m\u00fcsabakas\u0131 \u00f6ncesi konu\u015ftu.<\/p>\n","protected":false},"author":1,"featured_media":1254,"comment_status":"open","ping_status":"open","sticky":false,"template":"","format":"standard","meta":{"footnotes":""},"categories":[25],"tags":[],"class_list":["post-1253","post","type-post","status-publish","format-standard","has-post-thumbnail","hentry","category-futbol"],"_links":{"self":[{"href":"https:\/\/haberbesiktas.tr\/index.php?rest_route=\/wp\/v2\/posts\/1253","targetHints":{"allow":["GET"]}}],"collection":[{"href":"https:\/\/haberbesiktas.tr\/index.php?rest_route=\/wp\/v2\/posts"}],"about":[{"href":"https:\/\/haberbesiktas.tr\/index.php?rest_route=\/wp\/v2\/types\/post"}],"author":[{"embeddable":true,"href":"https:\/\/haberbesiktas.tr\/index.php?rest_route=\/wp\/v2\/users\/1"}],"replies":[{"embeddable":true,"href":"https:\/\/haberbesiktas.tr\/index.php?rest_route=%2Fwp%2Fv2%2Fcomments&post=1253"}],"version-history":[{"count":1,"href":"https:\/\/haberbesiktas.tr\/index.php?rest_route=\/wp\/v2\/posts\/1253\/revisions"}],"predecessor-version":[{"id":1255,"href":"https:\/\/haberbesiktas.tr\/index.php?rest_route=\/wp\/v2\/posts\/1253\/revisions\/1255"}],"wp:featuredmedia":[{"embeddable":true,"href":"https:\/\/haberbesiktas.tr\/index.php?rest_route=\/wp\/v2\/media\/1254"}],"wp:attachment":[{"href":"https:\/\/haberbesiktas.tr\/index.php?rest_route=%2Fwp%2Fv2%2Fmedia&parent=1253"}],"wp:term":[{"taxonomy":"category","embeddable":true,"href":"https:\/\/haberbesiktas.tr\/index.php?rest_route=%2Fwp%2Fv2%2Fcategories&post=1253"},{"taxonomy":"post_tag","embeddable":true,"href":"https:\/\/haberbesiktas.tr\/index.php?rest_route=%2Fwp%2Fv2%2Ftags&post=1253"}],"curies":[{"name":"wp","href":"https:\/\/api.w.org\/{rel}","templated":true}]}}