{"id":12536,"date":"2025-02-27T12:24:05","date_gmt":"2025-02-27T12:24:05","guid":{"rendered":"https:\/\/haberbesiktas.tr\/?p=12536"},"modified":"2025-02-27T12:24:05","modified_gmt":"2025-02-27T12:24:05","slug":"fatih-terimin-takimi-al-shabab-deplasmanda-kayip","status":"publish","type":"post","link":"https:\/\/haberbesiktas.tr\/?p=12536","title":{"rendered":"Fatih Terim&#8217;in tak\u0131m\u0131 Al Shabab, deplasmanda kay\u0131p"},"content":{"rendered":"<div>\n<p>Suudi Arabistan Pro Lig&#8217;in 18. hafta ma\u00e7\u0131nda Al Shabab, Al Ettifaq&#8217;a konuk oldu. EGO Stadyum&#8217;daki \u00e7abay\u0131 mesken sahibi tak\u0131m 3-1 kazand\u0131.<\/p>\n<p> Al Ettifaq&#8217;a galibiyeti getiren golleri 35 ve 90+11.&#8217;dakikada\u00a0<strong>Wijnaldum<\/strong> ile 43&#8217;te <strong>Joao Costa<\/strong> kaydetti. Al Shabab&#8217;\u0131n tek gol\u00fcn\u00fc ise 40. dakikada <strong>Hamdallah<\/strong> att\u0131.\u00a0<\/p>\n<p> Al Shabab&#8217;da <strong>Hamdallah<\/strong> 75. dakikada kazan\u0131lan penalt\u0131 at\u0131\u015f\u0131ndan yararlanamad\u0131.<\/p>\n<p> Fatih Terim&#8217;in kadrosu Al Shabab, bu yenilginin akabinde 29 puanda kald\u0131. Al Ettifaq, 22 puana y\u00fckseldi.<\/p>\n<p> Suudi Arabistan Pro Lig&#8217;in bir sonraki haftas\u0131nda Al Shabab, Al Khaleej&#8217;i konuk edecek. Al Ettifaq, Al Akhdod deplasman\u0131na gidecek.<\/p>\n<\/div>\n","protected":false},"excerpt":{"rendered":"<p>Suudi Arabistan Pro Lig&#8217;in 18. hafta ma\u00e7\u0131nda Al Shabab, deplasmanda Al Ettifaq&#8217;a 3-1 ma\u011flup oldu.<\/p>\n","protected":false},"author":1,"featured_media":12537,"comment_status":"open","ping_status":"open","sticky":false,"template":"","format":"standard","meta":{"footnotes":""},"categories":[25],"tags":[],"class_list":["post-12536","post","type-post","status-publish","format-standard","has-post-thumbnail","hentry","category-futbol"],"_links":{"self":[{"href":"https:\/\/haberbesiktas.tr\/index.php?rest_route=\/wp\/v2\/posts\/12536","targetHints":{"allow":["GET"]}}],"collection":[{"href":"https:\/\/haberbesiktas.tr\/index.php?rest_route=\/wp\/v2\/posts"}],"about":[{"href":"https:\/\/haberbesiktas.tr\/index.php?rest_route=\/wp\/v2\/types\/post"}],"author":[{"embeddable":true,"href":"https:\/\/haberbesiktas.tr\/index.php?rest_route=\/wp\/v2\/users\/1"}],"replies":[{"embeddable":true,"href":"https:\/\/haberbesiktas.tr\/index.php?rest_route=%2Fwp%2Fv2%2Fcomments&post=12536"}],"version-history":[{"count":1,"href":"https:\/\/haberbesiktas.tr\/index.php?rest_route=\/wp\/v2\/posts\/12536\/revisions"}],"predecessor-version":[{"id":12538,"href":"https:\/\/haberbesiktas.tr\/index.php?rest_route=\/wp\/v2\/posts\/12536\/revisions\/12538"}],"wp:featuredmedia":[{"embeddable":true,"href":"https:\/\/haberbesiktas.tr\/index.php?rest_route=\/wp\/v2\/media\/12537"}],"wp:attachment":[{"href":"https:\/\/haberbesiktas.tr\/index.php?rest_route=%2Fwp%2Fv2%2Fmedia&parent=12536"}],"wp:term":[{"taxonomy":"category","embeddable":true,"href":"https:\/\/haberbesiktas.tr\/index.php?rest_route=%2Fwp%2Fv2%2Fcategories&post=12536"},{"taxonomy":"post_tag","embeddable":true,"href":"https:\/\/haberbesiktas.tr\/index.php?rest_route=%2Fwp%2Fv2%2Ftags&post=12536"}],"curies":[{"name":"wp","href":"https:\/\/api.w.org\/{rel}","templated":true}]}}