{"id":1256,"date":"2025-01-05T17:18:47","date_gmt":"2025-01-05T17:18:47","guid":{"rendered":"https:\/\/haberbesiktas.tr\/?p=1256"},"modified":"2025-01-05T17:18:47","modified_gmt":"2025-01-05T17:18:47","slug":"besiktasta-milot-rashica-takimla-birlikte-calisti","status":"publish","type":"post","link":"https:\/\/haberbesiktas.tr\/?p=1256","title":{"rendered":"Be\u015fikta\u015f&#8217;ta Milot Rashica, tak\u0131mla birlikte \u00e7al\u0131\u015ft\u0131"},"content":{"rendered":"<div>Be\u015fikta\u015f, Trendyol Muhte\u015fem Lig&#8217;in 19. haftas\u0131nda Sivasspor ile kar\u015f\u0131la\u015faca\u011f\u0131 ma\u00e7\u0131n haz\u0131rl\u0131klar\u0131na ba\u015flad\u0131.<\/p>\n<p>Siyah beyazl\u0131larda bu m\u00fcsabaka \u00f6ncesi bir geli\u015fme ya\u015fand\u0131.<\/p>\n<p>Be\u015fikta\u015f&#8217;ta antrenmanda\u00a0<span>sa\u011f alt bald\u0131r art b\u00f6lgesinde a\u011fr\u0131 hissetti\u011fi i\u00e7in \u00e7al\u0131\u015fmaya devam edemeyen<\/span> ve 22 g\u00fcnd\u00fcr formas\u0131ndan uzak kalan Milot Rashica, Net K\u00fcresel Sivasspor ma\u00e7\u0131 \u00f6ncesi kadroyla birlikte \u00e7al\u0131\u015ft\u0131.<\/p>\n<p><strong>PERFORMANSI<\/strong><\/p>\n<p>Bu d\u00f6nem Be\u015fikta\u015f formas\u0131yla 18 ma\u00e7a \u00e7\u0131kan Rashica 1 gol 4 asistlik performans sergiledi.<\/p>\n<p><img decoding=\"async\" src=\"https:\/\/haberbesiktas.tr\/wp-content\/uploads\/2025\/01\/besiktasta-milot-rashica-takimla-birlikte-calisti-0-U6grbNgR.jpeg\"\/><\/div>\n","protected":false},"excerpt":{"rendered":"<p>Be\u015fikta\u015f&#8217;ta sakatl\u0131\u011f\u0131n\u0131 atlatan Milot Rashica, grupla birlikte \u00e7al\u0131\u015fmalara ba\u015flad\u0131.<\/p>\n","protected":false},"author":1,"featured_media":1257,"comment_status":"open","ping_status":"open","sticky":false,"template":"","format":"standard","meta":{"footnotes":""},"categories":[25],"tags":[],"class_list":["post-1256","post","type-post","status-publish","format-standard","has-post-thumbnail","hentry","category-futbol"],"_links":{"self":[{"href":"https:\/\/haberbesiktas.tr\/index.php?rest_route=\/wp\/v2\/posts\/1256","targetHints":{"allow":["GET"]}}],"collection":[{"href":"https:\/\/haberbesiktas.tr\/index.php?rest_route=\/wp\/v2\/posts"}],"about":[{"href":"https:\/\/haberbesiktas.tr\/index.php?rest_route=\/wp\/v2\/types\/post"}],"author":[{"embeddable":true,"href":"https:\/\/haberbesiktas.tr\/index.php?rest_route=\/wp\/v2\/users\/1"}],"replies":[{"embeddable":true,"href":"https:\/\/haberbesiktas.tr\/index.php?rest_route=%2Fwp%2Fv2%2Fcomments&post=1256"}],"version-history":[{"count":1,"href":"https:\/\/haberbesiktas.tr\/index.php?rest_route=\/wp\/v2\/posts\/1256\/revisions"}],"predecessor-version":[{"id":1259,"href":"https:\/\/haberbesiktas.tr\/index.php?rest_route=\/wp\/v2\/posts\/1256\/revisions\/1259"}],"wp:featuredmedia":[{"embeddable":true,"href":"https:\/\/haberbesiktas.tr\/index.php?rest_route=\/wp\/v2\/media\/1257"}],"wp:attachment":[{"href":"https:\/\/haberbesiktas.tr\/index.php?rest_route=%2Fwp%2Fv2%2Fmedia&parent=1256"}],"wp:term":[{"taxonomy":"category","embeddable":true,"href":"https:\/\/haberbesiktas.tr\/index.php?rest_route=%2Fwp%2Fv2%2Fcategories&post=1256"},{"taxonomy":"post_tag","embeddable":true,"href":"https:\/\/haberbesiktas.tr\/index.php?rest_route=%2Fwp%2Fv2%2Ftags&post=1256"}],"curies":[{"name":"wp","href":"https:\/\/api.w.org\/{rel}","templated":true}]}}