{"id":1260,"date":"2025-01-05T17:30:47","date_gmt":"2025-01-05T17:30:47","guid":{"rendered":"https:\/\/haberbesiktas.tr\/?p=1260"},"modified":"2025-01-05T17:30:47","modified_gmt":"2025-01-05T17:30:47","slug":"altinorduda-sahan-eski-dostlarini-unutmadi","status":"publish","type":"post","link":"https:\/\/haberbesiktas.tr\/?p=1260","title":{"rendered":"Alt\u0131nordu&#8217;da \u015eahan eski dostlar\u0131n\u0131 unutmad\u0131"},"content":{"rendered":"<div><span><span>TFF 2&#8217;nci Lig Beyaz K\u00fcme&#8217;de tepe gayreti veren Alt\u0131nordu&#8217;nun gen\u00e7 teknik i\u015fvereni Olcay \u015eahan, d\u00f6nem ba\u015f\u0131nda \u0130zmir temsilcisine transfer ettirdi\u011fi 3 eski grup arkada\u015f\u0131na \u00e7ok\u00e7a m\u00fchlet verdi.<\/p>\n<p><\/span><\/span> Futbolculuk periyodunda 4,5 d\u00f6nem forma giydi\u011fi ve S\u00fcper Lig \u015fampiyonlu\u011fu ya\u015fad\u0131\u011f\u0131 Be\u015fikta\u015f&#8217;ta parlay\u0131p A Ulusal Grup&#8217;ya y\u00fckselen, daha sonra Trabzonspor, Denizlispor ve Yeni Malatyaspor formalar\u0131yla S\u00fcper Lig&#8217;de gayret eden Olcay \u015eahan mesle\u011finin son d\u00f6nemini 2&#8217;nci Lig&#8217;de ge\u00e7irdi. 37 ya\u015f\u0131ndaki \u00e7al\u0131\u015ft\u0131r\u0131c\u0131 bu periyottaki ekip arkada\u015flar\u0131n\u0131 unutmad\u0131.<\/p>\n<p> Gurbet\u00e7i teknik adam Afyonspor ve Ankaraspor&#8217;dan kendisi \u00fczere gurbet\u00e7i olan eski ekip arkada\u015flar\u0131ndan sol bek Alper Tipsin, orta saha oyuncusu Kaan Baysal ve stoper Mete Y\u0131ld\u0131z&#8217;\u0131 d\u00f6nem ba\u015f\u0131nda Alt\u0131nordu&#8217;ya transfer ettirdi. K\u0131rm\u0131z\u0131-lacivertlilerde Alper birinci yar\u0131da oynanan 17 ma\u00e7\u0131n t\u00fcm\u00fcnde birinci 11&#8217;de alana \u00e7\u0131karken, Kaan sakat oldu\u011fu 1 ma\u00e7 d\u0131\u015f\u0131nda 16 kar\u015f\u0131la\u015fmada 11&#8217;de yer buldu. Birinci 4 hafta yedek soyunup 2 defa oyuna giren Mete ise son 13 m\u00fcsabakada birinci 11&#8217;deki yerini kapt\u0131rmad\u0131. Birinci yar\u0131da Kaan 4, Alper ise 2 gol kaydetti.<\/p>\n<\/div>\n","protected":false},"excerpt":{"rendered":"<p>Alt\u0131nordu&#8217;nun teknik y\u00f6neticisi Olcay \u015eahan, futbolculuk devrindeki eski kadro arkada\u015flar\u0131 Alper Tipsin, Kaan Baysal ve Mete Y\u0131ld\u0131z&#8217;a g\u00fcvendi.<\/p>\n","protected":false},"author":1,"featured_media":1261,"comment_status":"open","ping_status":"open","sticky":false,"template":"","format":"standard","meta":{"footnotes":""},"categories":[25],"tags":[],"class_list":["post-1260","post","type-post","status-publish","format-standard","has-post-thumbnail","hentry","category-futbol"],"_links":{"self":[{"href":"https:\/\/haberbesiktas.tr\/index.php?rest_route=\/wp\/v2\/posts\/1260","targetHints":{"allow":["GET"]}}],"collection":[{"href":"https:\/\/haberbesiktas.tr\/index.php?rest_route=\/wp\/v2\/posts"}],"about":[{"href":"https:\/\/haberbesiktas.tr\/index.php?rest_route=\/wp\/v2\/types\/post"}],"author":[{"embeddable":true,"href":"https:\/\/haberbesiktas.tr\/index.php?rest_route=\/wp\/v2\/users\/1"}],"replies":[{"embeddable":true,"href":"https:\/\/haberbesiktas.tr\/index.php?rest_route=%2Fwp%2Fv2%2Fcomments&post=1260"}],"version-history":[{"count":1,"href":"https:\/\/haberbesiktas.tr\/index.php?rest_route=\/wp\/v2\/posts\/1260\/revisions"}],"predecessor-version":[{"id":1262,"href":"https:\/\/haberbesiktas.tr\/index.php?rest_route=\/wp\/v2\/posts\/1260\/revisions\/1262"}],"wp:featuredmedia":[{"embeddable":true,"href":"https:\/\/haberbesiktas.tr\/index.php?rest_route=\/wp\/v2\/media\/1261"}],"wp:attachment":[{"href":"https:\/\/haberbesiktas.tr\/index.php?rest_route=%2Fwp%2Fv2%2Fmedia&parent=1260"}],"wp:term":[{"taxonomy":"category","embeddable":true,"href":"https:\/\/haberbesiktas.tr\/index.php?rest_route=%2Fwp%2Fv2%2Fcategories&post=1260"},{"taxonomy":"post_tag","embeddable":true,"href":"https:\/\/haberbesiktas.tr\/index.php?rest_route=%2Fwp%2Fv2%2Ftags&post=1260"}],"curies":[{"name":"wp","href":"https:\/\/api.w.org\/{rel}","templated":true}]}}